{"id":1554,"date":"2024-08-26T17:32:47","date_gmt":"2024-08-26T15:32:47","guid":{"rendered":"https:\/\/periodicolarepublica.com\/?p=1554"},"modified":"2024-08-26T17:32:47","modified_gmt":"2024-08-26T15:32:47","slug":"dia-internacional-del-dengue-republica-dominicana-celebra-cero-casos-gracias-a-campana-preventiva","status":"publish","type":"post","link":"https:\/\/periodicolarepublica.com\/index.php\/2024\/08\/26\/dia-internacional-del-dengue-republica-dominicana-celebra-cero-casos-gracias-a-campana-preventiva\/","title":{"rendered":"D\u00eda Internacional del Dengue: Rep\u00fablica Dominicana celebra cero casos gracias a campa\u00f1a preventiva"},"content":{"rendered":"\r\n<p><img loading=\"lazy\" decoding=\"async\" class=\"size-medium wp-image-1459 alignright\" src=\"https:\/\/periodicolarepublica.com\/wp-content\/uploads\/2024\/08\/IMG_20240812_120249-300x300.jpg\" alt=\"\" width=\"300\" height=\"300\" srcset=\"https:\/\/periodicolarepublica.com\/wp-content\/uploads\/2024\/08\/IMG_20240812_120249-300x300.jpg?v=1723478663 300w, https:\/\/periodicolarepublica.com\/wp-content\/uploads\/2024\/08\/IMG_20240812_120249-150x150.jpg?v=1723478663 150w, https:\/\/periodicolarepublica.com\/wp-content\/uploads\/2024\/08\/IMG_20240812_120249.jpg?v=1723478663 399w\" sizes=\"auto, (max-width: 300px) 100vw, 300px\" \/>Santo Domingo, 26 de agosto de 2024 &#8211; En el D\u00eda Internacional del Dengue, Rep\u00fablica Dominicana se une a la conmemoraci\u00f3n con una noticia alentadora: el pa\u00eds no ha registrado ni un solo caso de esta enfermedad transmitida por mosquitos.<br \/><br \/>Esta notable haza\u00f1a se debe a los esfuerzos incansables del Ministerio de Salud P\u00fablica, liderado por el Dr. V\u00edctor Atallah. Hace meses, el ministro puso en marcha una campa\u00f1a integral de prevenci\u00f3n y control del dengue a nivel nacional, la cual ha demostrado ser tremendamente efectiva.<br \/><br \/>\u00abEstamos sumamente complacidos de poder anunciar que Rep\u00fablica Dominicana se encuentra libre de casos de dengue en este D\u00eda Internacional\u00bb, expres\u00f3 el Dr. Atallah. \u00abEste logro es el resultado del compromiso y el trabajo arduo de todo nuestro equipo, as\u00ed como de la participaci\u00f3n activa de la comunidad. Seguiremos firmes en nuestra lucha contra este mosquito y mantendremos nuestros esfuerzos para mantener al pa\u00eds libre de esta enfermedad\u00bb.<br \/><br \/>La campa\u00f1a del Ministerio de Salud P\u00fablica incluy\u00f3 una amplia estrategia de educaci\u00f3n p\u00fablica, fumigaci\u00f3n en \u00e1reas de riesgo, eliminaci\u00f3n de criaderos de mosquitos y una estrecha coordinaci\u00f3n con las autoridades locales. Gracias a estas acciones, se ha logrado interrumpir efectivamente la transmisi\u00f3n del dengue en todo el territorio dominicano.<br \/><br \/>\u00ab\u00c9ste es un logro del que todos los dominicanos podemos sentirnos orgullosos\u00bb, a\u00f1adi\u00f3 el ministro Atallah. \u00abSeguiremos trabajando incansablemente para mantener al pa\u00eds libre de dengue y brindar a nuestra poblaci\u00f3n la protecci\u00f3n que merecen\u00bb.<br \/><br \/>Acerca del Ministerio de Salud P\u00fablica de Rep\u00fablica Dominicana<br \/>El Ministerio de Salud P\u00fablica de Rep\u00fablica Dominicana es la instituci\u00f3n gubernamental responsable de formular, coordinar, supervisar y evaluar las pol\u00edticas, planes, programas y proyectos en materia de salud p\u00fablica a nivel nacional. Su misi\u00f3n es garantizar el derecho a la salud de todos los ciudadanos.<\/p>\r\n","protected":false},"excerpt":{"rendered":"<p>Santo Domingo, 26 de agosto de 2024 &#8211; En el D\u00eda Internacional del Dengue, Rep\u00fablica Dominicana se une a la conmemoraci\u00f3n con una noticia alentadora: el pa\u00eds no ha registrado ni un solo caso de esta enfermedad transmitida por mosquitos. Esta notable haza\u00f1a se debe a los esfuerzos incansables del Ministerio de Salud P\u00fablica, liderado [&hellip;]<\/p>\n","protected":false},"author":6,"featured_media":1459,"comment_status":"open","ping_status":"open","sticky":false,"template":"","format":"standard","meta":{"om_disable_all_campaigns":false,"_monsterinsights_skip_tracking":false,"_monsterinsights_sitenote_active":false,"_monsterinsights_sitenote_note":"","_monsterinsights_sitenote_category":0,"footnotes":""},"categories":[1],"tags":[161],"class_list":{"0":"post-1554","1":"post","2":"type-post","3":"status-publish","4":"format-standard","5":"has-post-thumbnail","7":"category-nacionales","8":"tag-victor-atallah"},"aioseo_notices":[],"_links":{"self":[{"href":"https:\/\/periodicolarepublica.com\/index.php\/wp-json\/wp\/v2\/posts\/1554","targetHints":{"allow":["GET"]}}],"collection":[{"href":"https:\/\/periodicolarepublica.com\/index.php\/wp-json\/wp\/v2\/posts"}],"about":[{"href":"https:\/\/periodicolarepublica.com\/index.php\/wp-json\/wp\/v2\/types\/post"}],"author":[{"embeddable":true,"href":"https:\/\/periodicolarepublica.com\/index.php\/wp-json\/wp\/v2\/users\/6"}],"replies":[{"embeddable":true,"href":"https:\/\/periodicolarepublica.com\/index.php\/wp-json\/wp\/v2\/comments?post=1554"}],"version-history":[{"count":2,"href":"https:\/\/periodicolarepublica.com\/index.php\/wp-json\/wp\/v2\/posts\/1554\/revisions"}],"predecessor-version":[{"id":1559,"href":"https:\/\/periodicolarepublica.com\/index.php\/wp-json\/wp\/v2\/posts\/1554\/revisions\/1559"}],"wp:featuredmedia":[{"embeddable":true,"href":"https:\/\/periodicolarepublica.com\/index.php\/wp-json\/wp\/v2\/media\/1459"}],"wp:attachment":[{"href":"https:\/\/periodicolarepublica.com\/index.php\/wp-json\/wp\/v2\/media?parent=1554"}],"wp:term":[{"taxonomy":"category","embeddable":true,"href":"https:\/\/periodicolarepublica.com\/index.php\/wp-json\/wp\/v2\/categories?post=1554"},{"taxonomy":"post_tag","embeddable":true,"href":"https:\/\/periodicolarepublica.com\/index.php\/wp-json\/wp\/v2\/tags?post=1554"}],"curies":[{"name":"wp","href":"https:\/\/api.w.org\/{rel}","templated":true}]}}