{"id":1558,"date":"2024-08-26T21:55:47","date_gmt":"2024-08-26T19:55:47","guid":{"rendered":"https:\/\/periodicolarepublica.com\/?p=1558"},"modified":"2024-08-26T21:55:47","modified_gmt":"2024-08-26T19:55:47","slug":"raquel-pena-inaugura-infraestructuras-educativas-policiales-y-electricas-en-hermanas-mirabal-y-santiago","status":"publish","type":"post","link":"https:\/\/periodicolarepublica.com\/index.php\/2024\/08\/26\/raquel-pena-inaugura-infraestructuras-educativas-policiales-y-electricas-en-hermanas-mirabal-y-santiago\/","title":{"rendered":"Raquel Pe\u00f1a inaugura infraestructuras educativas, policiales y el\u00e9ctricas en Hermanas Mirabal y Santiago"},"content":{"rendered":"\r\n<p><img loading=\"lazy\" decoding=\"async\" class=\"size-medium wp-image-1569 alignright\" src=\"https:\/\/periodicolarepublica.com\/wp-content\/uploads\/2024\/08\/IMG-20240826-WA0069-300x204.jpg\" alt=\"\" width=\"300\" height=\"204\" srcset=\"https:\/\/periodicolarepublica.com\/wp-content\/uploads\/2024\/08\/IMG-20240826-WA0069-300x204.jpg?v=1724702115 300w, https:\/\/periodicolarepublica.com\/wp-content\/uploads\/2024\/08\/IMG-20240826-WA0069-150x102.jpg?v=1724702115 150w, https:\/\/periodicolarepublica.com\/wp-content\/uploads\/2024\/08\/IMG-20240826-WA0069-600x407.jpg?v=1724702115 600w, https:\/\/periodicolarepublica.com\/wp-content\/uploads\/2024\/08\/IMG-20240826-WA0069-696x472.jpg?v=1724702115 696w, https:\/\/periodicolarepublica.com\/wp-content\/uploads\/2024\/08\/IMG-20240826-WA0069.jpg?v=1724702115 712w\" sizes=\"auto, (max-width: 300px) 100vw, 300px\" \/>La vicepresidenta de la Rep\u00fablica Dominicana, Raquel Pe\u00f1a, complet\u00f3 una jornada clave de inauguraciones este domingo en las provincias Hermanas Mirabal y\u00a0Santiago. Las nuevas infraestructuras, que abarcan desde el sector educativo hasta el fortalecimiento de la red el\u00e9ctrica, responden a la promesa gubernamental de mejorar los servicios y la calidad de vida en comunidades clave.<br \/><br \/><br \/>El recorrido de Pe\u00f1a comenz\u00f3 en Los Guayos, Tenares, donde entreg\u00f3 el Centro Comunal Familia Cartagena, un espacio que busca convertirse en el eje de la vida comunitaria local. Con una inversi\u00f3n cercana a los 15 millones de pesos, este centro incluye una oficina, un dispensario m\u00e9dico, consultorios odontol\u00f3gicos y un sal\u00f3n de eventos para 200 personas, lo que supone un recurso indispensable para la cohesi\u00f3n social. Adem\u00e1s, se renov\u00f3 la iglesia Sagrado Coraz\u00f3n de Jes\u00fas, cuya ampliaci\u00f3n cost\u00f3 m\u00e1s de 4 millones de pesos.<br \/><br \/>En el \u00e1mbito educativo, Raquel Pe\u00f1a se traslad\u00f3 a Navarrete, Santiago, para inaugurar la Escuela B\u00e1sica Gloria Beato. Con capacidad para m\u00e1s de 900 estudiantes, el nuevo centro refuerza el compromiso del Gobierno con la educaci\u00f3n de calidad. La vicepresidenta, acompa\u00f1ada por el ministro de Educaci\u00f3n, \u00c1ngel Hern\u00e1ndez, subray\u00f3 que el sistema educativo dominicano avanza hacia la equidad y la excelencia. \u00abEstamos haciendo realidad el sue\u00f1o de una naci\u00f3n m\u00e1s justa\u00bb, destac\u00f3 Pe\u00f1a.<br \/><br \/><br \/>La escuela cuenta con 26 aulas, una biblioteca, juegos infantiles y una plaza c\u00edvica, lo que la convierte en un modelo de infraestructura educativa moderna en el pa\u00eds. Hern\u00e1ndez recalc\u00f3 que no solo se trata de edificios, sino de garantizar un acceso igualitario a una educaci\u00f3n de calidad para todos los ni\u00f1os y ni\u00f1as dominicanos.<br \/><br \/>En paralelo, el sector energ\u00e9tico tambi\u00e9n recibi\u00f3 un impulso importante con la inauguraci\u00f3n de las subestaciones repotenciadas de Nibaje y Don Pedro, que representan una inversi\u00f3n de 222 millones de pesos. Seg\u00fan Andr\u00e9s Cueto, gerente general de Edenorte, estos proyectos benefician directamente a m\u00e1s de 92.000 familias, garantizando un suministro el\u00e9ctrico m\u00e1s estable y eficiente. La repotenciaci\u00f3n a\u00f1ade 22 megavatios (MVA) a la red el\u00e9ctrica, un paso crucial hacia la mejora del servicio en la regi\u00f3n.<br \/><br \/><br \/>La jornada culmin\u00f3 con la puesta en funcionamiento de un nuevo destacamento policial en El Lim\u00f3n, Villa Gonz\u00e1lez, que responde a las crecientes necesidades de seguridad en la comunidad. Este moderno edificio alberga celdas para hombres y mujeres, \u00e1reas de recepci\u00f3n de denuncias, dormitorios y otros espacios destinados a mejorar la operatividad de la Polic\u00eda Nacional<br \/><br \/><br \/>Con estos proyectos, el Gobierno reafirma su compromiso con el desarrollo integral de las provincias, apuntando no solo a satisfacer las demandas inmediatas, sino a sentar las bases para un futuro m\u00e1s equitativo y seguro.<\/p>\r\n","protected":false},"excerpt":{"rendered":"<p>La vicepresidenta de la Rep\u00fablica Dominicana, Raquel Pe\u00f1a, complet\u00f3 una jornada clave de inauguraciones este domingo en las provincias Hermanas Mirabal y\u00a0Santiago. Las nuevas infraestructuras, que abarcan desde el sector educativo hasta el fortalecimiento de la red el\u00e9ctrica, responden a la promesa gubernamental de mejorar los servicios y la calidad de vida en comunidades clave. [&hellip;]<\/p>\n","protected":false},"author":6,"featured_media":1569,"comment_status":"open","ping_status":"open","sticky":false,"template":"","format":"standard","meta":{"om_disable_all_campaigns":false,"_monsterinsights_skip_tracking":false,"_monsterinsights_sitenote_active":false,"_monsterinsights_sitenote_note":"","_monsterinsights_sitenote_category":0,"footnotes":""},"categories":[206],"tags":[240,144],"class_list":{"0":"post-1558","1":"post","2":"type-post","3":"status-publish","4":"format-standard","5":"has-post-thumbnail","7":"category-la-republica-del-cibao","8":"tag-andres-cuesto","9":"tag-raquel-pena"},"aioseo_notices":[],"_links":{"self":[{"href":"https:\/\/periodicolarepublica.com\/index.php\/wp-json\/wp\/v2\/posts\/1558","targetHints":{"allow":["GET"]}}],"collection":[{"href":"https:\/\/periodicolarepublica.com\/index.php\/wp-json\/wp\/v2\/posts"}],"about":[{"href":"https:\/\/periodicolarepublica.com\/index.php\/wp-json\/wp\/v2\/types\/post"}],"author":[{"embeddable":true,"href":"https:\/\/periodicolarepublica.com\/index.php\/wp-json\/wp\/v2\/users\/6"}],"replies":[{"embeddable":true,"href":"https:\/\/periodicolarepublica.com\/index.php\/wp-json\/wp\/v2\/comments?post=1558"}],"version-history":[{"count":2,"href":"https:\/\/periodicolarepublica.com\/index.php\/wp-json\/wp\/v2\/posts\/1558\/revisions"}],"predecessor-version":[{"id":1570,"href":"https:\/\/periodicolarepublica.com\/index.php\/wp-json\/wp\/v2\/posts\/1558\/revisions\/1570"}],"wp:featuredmedia":[{"embeddable":true,"href":"https:\/\/periodicolarepublica.com\/index.php\/wp-json\/wp\/v2\/media\/1569"}],"wp:attachment":[{"href":"https:\/\/periodicolarepublica.com\/index.php\/wp-json\/wp\/v2\/media?parent=1558"}],"wp:term":[{"taxonomy":"category","embeddable":true,"href":"https:\/\/periodicolarepublica.com\/index.php\/wp-json\/wp\/v2\/categories?post=1558"},{"taxonomy":"post_tag","embeddable":true,"href":"https:\/\/periodicolarepublica.com\/index.php\/wp-json\/wp\/v2\/tags?post=1558"}],"curies":[{"name":"wp","href":"https:\/\/api.w.org\/{rel}","templated":true}]}}