{"id":1563,"date":"2024-08-26T21:29:50","date_gmt":"2024-08-26T19:29:50","guid":{"rendered":"https:\/\/periodicolarepublica.com\/?p=1563"},"modified":"2024-08-26T21:29:50","modified_gmt":"2024-08-26T19:29:50","slug":"alcaldia-del-distrito-nacional-trabaja-simultaneamente-en-la-construccion-de-6-parques-en-la-capital","status":"publish","type":"post","link":"https:\/\/periodicolarepublica.com\/index.php\/2024\/08\/26\/alcaldia-del-distrito-nacional-trabaja-simultaneamente-en-la-construccion-de-6-parques-en-la-capital\/","title":{"rendered":"Alcald\u00eda del Distrito Nacional trabaja simult\u00e1neamente en la construcci\u00f3n de 6 parques en la capital"},"content":{"rendered":"<p>Con estas construcciones, el ADN impactar\u00e1 a Los Jardines del Norte, Residencial Mirador, Urbanizaci\u00f3n Aesa, Mirador Sur, Los R\u00edos y Los Restauradores<\/p>\n<p><img loading=\"lazy\" decoding=\"async\" class=\"alignnone size-medium wp-image-1565\" src=\"https:\/\/periodicolarepublica.com\/wp-content\/uploads\/2024\/08\/IMG-20240826-WA0035-300x200.jpg\" alt=\"\" width=\"300\" height=\"200\" srcset=\"https:\/\/periodicolarepublica.com\/wp-content\/uploads\/2024\/08\/IMG-20240826-WA0035-300x200.jpg?v=1724700556 300w, https:\/\/periodicolarepublica.com\/wp-content\/uploads\/2024\/08\/IMG-20240826-WA0035-1024x682.jpg?v=1724700556 1024w, https:\/\/periodicolarepublica.com\/wp-content\/uploads\/2024\/08\/IMG-20240826-WA0035-768x512.jpg?v=1724700556 768w, https:\/\/periodicolarepublica.com\/wp-content\/uploads\/2024\/08\/IMG-20240826-WA0035-1536x1023.jpg?v=1724700556 1536w, https:\/\/periodicolarepublica.com\/wp-content\/uploads\/2024\/08\/IMG-20240826-WA0035-150x100.jpg?v=1724700556 150w, https:\/\/periodicolarepublica.com\/wp-content\/uploads\/2024\/08\/IMG-20240826-WA0035-600x400.jpg?v=1724700556 600w, https:\/\/periodicolarepublica.com\/wp-content\/uploads\/2024\/08\/IMG-20240826-WA0035-696x464.jpg?v=1724700556 696w, https:\/\/periodicolarepublica.com\/wp-content\/uploads\/2024\/08\/IMG-20240826-WA0035-1392x927.jpg?v=1724700556 1392w, https:\/\/periodicolarepublica.com\/wp-content\/uploads\/2024\/08\/IMG-20240826-WA0035-1068x712.jpg?v=1724700556 1068w, https:\/\/periodicolarepublica.com\/wp-content\/uploads\/2024\/08\/IMG-20240826-WA0035.jpg?v=1724700556 1600w\" sizes=\"auto, (max-width: 300px) 100vw, 300px\" \/><\/p>\n<p>Santo Domingo, DN \u2013 La Alcald\u00eda del Distrito Nacional inform\u00f3 que se encuentra trabajando junto a varios aliados del sector privado en la construcci\u00f3n simult\u00e1nea de seis parques en la capital.<\/p>\n<p>El cabildo lleva junto al Banco Popular la remodelaci\u00f3n del parque ubicado en la Urbanizaci\u00f3n Aesa. Tambi\u00e9n, el Parque Buenos Aires del Mirador, en el Residencial Mirador, y el Parque Jardines los Cerezos, ubicado en Los Jardines del Norte.<\/p>\n<p>La semana pasada se realiz\u00f3 el acto de inicio de obra para el remozamiento del Parque V\u00eda, construido entre el cabildo y Cervecer\u00eda Nacional Dominicana, tras 40 a\u00f1os de espera.<\/p>\n<p>Simult\u00e1neamente, se desarrollan labores en el Parque Luisa Ozema Pellerano, de la mano con el Grupo Mall\u00e9n y Supermercados Nacional.<\/p>\n<p>La Brigada Express del ADN avanza en la construcci\u00f3n del parque Belisario Curiel en el sector Los Restauradores.<\/p>\n<p>De esta manera, la gesti\u00f3n de Carolina Mej\u00eda al frente de la alcald\u00eda superar\u00e1 los 180 espacios remozados y construidos para el disfrute y el bienestar de los capitale\u00f1os.<\/p>\n<p>La recuperaci\u00f3n de estos espacios es uno de los ejes fundamentales de la labor realizada por la alcaldesa, quien en trabajo mancomunado con el sector privado ha podido transformar con cercan\u00eda y eficiencia a parques y plazas que fueron utilizados como vertederos y parqueos, para devolverlos convertidos en lugares seguros para el sano esparcimiento.<\/p>\n","protected":false},"excerpt":{"rendered":"<p>Con estas construcciones, el ADN impactar\u00e1 a Los Jardines del Norte, Residencial Mirador, Urbanizaci\u00f3n Aesa, Mirador Sur, Los R\u00edos y Los Restauradores Santo Domingo, DN \u2013 La Alcald\u00eda del Distrito Nacional inform\u00f3 que se encuentra trabajando junto a varios aliados del sector privado en la construcci\u00f3n simult\u00e1nea de seis parques en la capital. El cabildo [&hellip;]<\/p>\n","protected":false},"author":6,"featured_media":1565,"comment_status":"open","ping_status":"open","sticky":false,"template":"","format":"standard","meta":{"om_disable_all_campaigns":false,"_monsterinsights_skip_tracking":false,"_monsterinsights_sitenote_active":false,"_monsterinsights_sitenote_note":"","_monsterinsights_sitenote_category":0,"footnotes":""},"categories":[1],"tags":[],"class_list":{"0":"post-1563","1":"post","2":"type-post","3":"status-publish","4":"format-standard","5":"has-post-thumbnail","7":"category-nacionales"},"aioseo_notices":[],"_links":{"self":[{"href":"https:\/\/periodicolarepublica.com\/index.php\/wp-json\/wp\/v2\/posts\/1563","targetHints":{"allow":["GET"]}}],"collection":[{"href":"https:\/\/periodicolarepublica.com\/index.php\/wp-json\/wp\/v2\/posts"}],"about":[{"href":"https:\/\/periodicolarepublica.com\/index.php\/wp-json\/wp\/v2\/types\/post"}],"author":[{"embeddable":true,"href":"https:\/\/periodicolarepublica.com\/index.php\/wp-json\/wp\/v2\/users\/6"}],"replies":[{"embeddable":true,"href":"https:\/\/periodicolarepublica.com\/index.php\/wp-json\/wp\/v2\/comments?post=1563"}],"version-history":[{"count":1,"href":"https:\/\/periodicolarepublica.com\/index.php\/wp-json\/wp\/v2\/posts\/1563\/revisions"}],"predecessor-version":[{"id":1566,"href":"https:\/\/periodicolarepublica.com\/index.php\/wp-json\/wp\/v2\/posts\/1563\/revisions\/1566"}],"wp:featuredmedia":[{"embeddable":true,"href":"https:\/\/periodicolarepublica.com\/index.php\/wp-json\/wp\/v2\/media\/1565"}],"wp:attachment":[{"href":"https:\/\/periodicolarepublica.com\/index.php\/wp-json\/wp\/v2\/media?parent=1563"}],"wp:term":[{"taxonomy":"category","embeddable":true,"href":"https:\/\/periodicolarepublica.com\/index.php\/wp-json\/wp\/v2\/categories?post=1563"},{"taxonomy":"post_tag","embeddable":true,"href":"https:\/\/periodicolarepublica.com\/index.php\/wp-json\/wp\/v2\/tags?post=1563"}],"curies":[{"name":"wp","href":"https:\/\/api.w.org\/{rel}","templated":true}]}}