{"id":157,"date":"2023-11-28T22:57:14","date_gmt":"2023-11-28T21:57:14","guid":{"rendered":"https:\/\/periodicolarepublica.com\/?p=157"},"modified":"2023-11-28T23:01:34","modified_gmt":"2023-11-28T22:01:34","slug":"destacan-las-inversiones-y-logros-por-santiago","status":"publish","type":"post","link":"https:\/\/periodicolarepublica.com\/index.php\/2023\/11\/28\/destacan-las-inversiones-y-logros-por-santiago\/","title":{"rendered":"Destacan las inversiones y logros por Santiago"},"content":{"rendered":"\n<p>Hanfiel Polanco del programa La Rep\u00fablica dedica un comentario a la inversi\u00f3n que se esta realizando desde el gobierno en Santiago, donde se ha tomado en cuenta la regi\u00f3n norte, tanto por v\u00ednculos de familia y empresarial, como la relaci\u00f3n de la vicepresidenta Raquel Pe\u00f1a. Que la misma ha de permitir un mejor desarrollo en el cibao.<\/p>\n\n\n\n<figure class=\"wp-block-image size-large is-resized\"><img loading=\"lazy\" decoding=\"async\" width=\"1024\" height=\"1024\" src=\"https:\/\/periodicolarepublica.com\/wp-content\/uploads\/2023\/11\/Picsart_23-11-28_09-25-25-817-1024x1024.jpg\" alt=\"\" class=\"wp-image-158\" style=\"width:447px;height:auto\" srcset=\"https:\/\/periodicolarepublica.com\/wp-content\/uploads\/2023\/11\/Picsart_23-11-28_09-25-25-817-1024x1024.jpg?v=1715379853 1024w, https:\/\/periodicolarepublica.com\/wp-content\/uploads\/2023\/11\/Picsart_23-11-28_09-25-25-817-300x300.jpg?v=1715379853 300w, https:\/\/periodicolarepublica.com\/wp-content\/uploads\/2023\/11\/Picsart_23-11-28_09-25-25-817-150x150.jpg?v=1715379853 150w, https:\/\/periodicolarepublica.com\/wp-content\/uploads\/2023\/11\/Picsart_23-11-28_09-25-25-817-768x768.jpg?v=1715379853 768w, https:\/\/periodicolarepublica.com\/wp-content\/uploads\/2023\/11\/Picsart_23-11-28_09-25-25-817-1536x1536.jpg?v=1715379853 1536w, https:\/\/periodicolarepublica.com\/wp-content\/uploads\/2023\/11\/Picsart_23-11-28_09-25-25-817-2048x2048.jpg?v=1715379853 2048w\" sizes=\"auto, (max-width: 1024px) 100vw, 1024px\" \/><\/figure>\n","protected":false},"excerpt":{"rendered":"<p>Hanfiel Polanco del programa La Rep\u00fablica dedica un comentario a la inversi\u00f3n que se esta realizando desde el gobierno en Santiago, donde se ha tomado en cuenta la regi\u00f3n norte, tanto por v\u00ednculos de familia y empresarial, como la relaci\u00f3n de la vicepresidenta Raquel Pe\u00f1a. Que la misma ha de permitir un mejor desarrollo en [&hellip;]<\/p>\n","protected":false},"author":1,"featured_media":158,"comment_status":"open","ping_status":"open","sticky":false,"template":"","format":"standard","meta":{"om_disable_all_campaigns":false,"_monsterinsights_skip_tracking":false,"_monsterinsights_sitenote_active":false,"_monsterinsights_sitenote_note":"","_monsterinsights_sitenote_category":0,"footnotes":""},"categories":[1],"tags":[],"class_list":{"0":"post-157","1":"post","2":"type-post","3":"status-publish","4":"format-standard","5":"has-post-thumbnail","7":"category-nacionales"},"aioseo_notices":[],"_links":{"self":[{"href":"https:\/\/periodicolarepublica.com\/index.php\/wp-json\/wp\/v2\/posts\/157","targetHints":{"allow":["GET"]}}],"collection":[{"href":"https:\/\/periodicolarepublica.com\/index.php\/wp-json\/wp\/v2\/posts"}],"about":[{"href":"https:\/\/periodicolarepublica.com\/index.php\/wp-json\/wp\/v2\/types\/post"}],"author":[{"embeddable":true,"href":"https:\/\/periodicolarepublica.com\/index.php\/wp-json\/wp\/v2\/users\/1"}],"replies":[{"embeddable":true,"href":"https:\/\/periodicolarepublica.com\/index.php\/wp-json\/wp\/v2\/comments?post=157"}],"version-history":[{"count":2,"href":"https:\/\/periodicolarepublica.com\/index.php\/wp-json\/wp\/v2\/posts\/157\/revisions"}],"predecessor-version":[{"id":160,"href":"https:\/\/periodicolarepublica.com\/index.php\/wp-json\/wp\/v2\/posts\/157\/revisions\/160"}],"wp:featuredmedia":[{"embeddable":true,"href":"https:\/\/periodicolarepublica.com\/index.php\/wp-json\/wp\/v2\/media\/158"}],"wp:attachment":[{"href":"https:\/\/periodicolarepublica.com\/index.php\/wp-json\/wp\/v2\/media?parent=157"}],"wp:term":[{"taxonomy":"category","embeddable":true,"href":"https:\/\/periodicolarepublica.com\/index.php\/wp-json\/wp\/v2\/categories?post=157"},{"taxonomy":"post_tag","embeddable":true,"href":"https:\/\/periodicolarepublica.com\/index.php\/wp-json\/wp\/v2\/tags?post=157"}],"curies":[{"name":"wp","href":"https:\/\/api.w.org\/{rel}","templated":true}]}}