{"id":1575,"date":"2024-08-27T15:59:44","date_gmt":"2024-08-27T13:59:44","guid":{"rendered":"https:\/\/periodicolarepublica.com\/?p=1575"},"modified":"2024-08-27T15:59:44","modified_gmt":"2024-08-27T13:59:44","slug":"alcaldesa-betty-geronimo-participa-en-experiencia-puerto-rico-2024","status":"publish","type":"post","link":"https:\/\/periodicolarepublica.com\/index.php\/2024\/08\/27\/alcaldesa-betty-geronimo-participa-en-experiencia-puerto-rico-2024\/","title":{"rendered":"Alcaldesa Betty Ger\u00f3nimo participa en Experiencia Puerto Rico 2024"},"content":{"rendered":"<p>La Alcaldesa de la provincia de Santo Domingo, espec\u00edficamente del municipio Santo Domingo Norte, Betty Ger\u00f3nimo, esta participando junto varios alcaldes de Puerto Rico, Estados Unidos y diversas naciones latinoamericanas en el Hotel Sheraton del Distrito de Convenciones en el evento \u00abExperiencia Puerto Rico 2024\u00bb, celebr\u00e1ndose del 26 al 28 de agosto en San Juan, Puerto Rico.<\/p>\n<p><img loading=\"lazy\" decoding=\"async\" class=\"alignnone size-medium wp-image-1576\" src=\"https:\/\/periodicolarepublica.com\/wp-content\/uploads\/2024\/08\/Picsart_24-08-27_09-45-32-636-300x200.jpg\" alt=\"\" width=\"300\" height=\"200\" srcset=\"https:\/\/periodicolarepublica.com\/wp-content\/uploads\/2024\/08\/Picsart_24-08-27_09-45-32-636-300x200.jpg?v=1724767097 300w, https:\/\/periodicolarepublica.com\/wp-content\/uploads\/2024\/08\/Picsart_24-08-27_09-45-32-636-1024x683.jpg?v=1724767097 1024w, https:\/\/periodicolarepublica.com\/wp-content\/uploads\/2024\/08\/Picsart_24-08-27_09-45-32-636-768x512.jpg?v=1724767097 768w, https:\/\/periodicolarepublica.com\/wp-content\/uploads\/2024\/08\/Picsart_24-08-27_09-45-32-636-1536x1024.jpg?v=1724767097 1536w, https:\/\/periodicolarepublica.com\/wp-content\/uploads\/2024\/08\/Picsart_24-08-27_09-45-32-636-2048x1365.jpg?v=1724767097 2048w, https:\/\/periodicolarepublica.com\/wp-content\/uploads\/2024\/08\/Picsart_24-08-27_09-45-32-636-150x100.jpg?v=1724767097 150w, https:\/\/periodicolarepublica.com\/wp-content\/uploads\/2024\/08\/Picsart_24-08-27_09-45-32-636-600x400.jpg?v=1724767097 600w, https:\/\/periodicolarepublica.com\/wp-content\/uploads\/2024\/08\/Picsart_24-08-27_09-45-32-636-696x464.jpg?v=1724767097 696w, https:\/\/periodicolarepublica.com\/wp-content\/uploads\/2024\/08\/Picsart_24-08-27_09-45-32-636-1392x928.jpg?v=1724767097 1392w, https:\/\/periodicolarepublica.com\/wp-content\/uploads\/2024\/08\/Picsart_24-08-27_09-45-32-636-1068x712.jpg?v=1724767097 1068w, https:\/\/periodicolarepublica.com\/wp-content\/uploads\/2024\/08\/Picsart_24-08-27_09-45-32-636-1920x1280.jpg?v=1724767097 1920w\" sizes=\"auto, (max-width: 300px) 100vw, 300px\" \/><\/p>\n<p>Este importante encuentro anual, se ha consolidado como una plataforma clave para el intercambio de ideas y mejores pr\u00e1cticas entre l\u00edderes municipales de la regi\u00f3n en temas de vital importancia como cumplimiento, transparencia, \u00e9tica, permisos, alianzas p\u00fablico-privadas y ciberseguridad.<\/p>\n<p>Ger\u00f3nimo con su participaci\u00f3n, busca seguir adquiriendo experiencias destac\u00f3 para el fortalecimiento de la gesti\u00f3n que lleva, compartir ideas y el fomento de la confianza ciudadana sobre transparencia y la \u00e9tica, que son pilares fundamentales en la administraci\u00f3n municipal.<\/p>\n<p>El evento tambi\u00e9n cuenta con la participaci\u00f3n de Victor De Aza de la Liga Municipal Dominicana, as\u00ed como de regidores y representantes de distintas municipalidades.<\/p>\n<p>El evento cuenta con paneles y talleres interactivos, los asistentes reflexionan sobre c\u00f3mo implementar estrategias efectivas que promuevan un gobierno m\u00e1s abierto y accesible a la ciudadan\u00eda. Este enfoque se alinea con el compromiso de la Alcald\u00eda de Santo Domingo de mantener un di\u00e1logo constante con sus habitantes, buscando siempre su bienestar y una gesti\u00f3n que se distinga por su \u00e9tica y transparencia.<\/p>\n<p>La \u00abExperiencia Puerto Rico 2024\u00bb no solo se ha convertido en un espacio de aprendizaje, sino tambi\u00e9n en un puente que une los esfuerzos de los l\u00edderes locales en la b\u00fasqueda de soluciones innovadoras a los problemas comunes que enfrentan sus comunidades.<\/p>\n<p>Este encuentro marca un paso importante en la Alcaldesa Betty Ger\u00f3nimo, donde recien ha cumplido sus primero 100 dias de gesti\u00f3n, sobrepasando paso a paso, diferentes\u00a0 dificultades para la construcci\u00f3n de un futuro mejor para Santo Domingo\u00a0 Norte.<\/p>\n","protected":false},"excerpt":{"rendered":"<p>La Alcaldesa de la provincia de Santo Domingo, espec\u00edficamente del municipio Santo Domingo Norte, Betty Ger\u00f3nimo, esta participando junto varios alcaldes de Puerto Rico, Estados Unidos y diversas naciones latinoamericanas en el Hotel Sheraton del Distrito de Convenciones en el evento \u00abExperiencia Puerto Rico 2024\u00bb, celebr\u00e1ndose del 26 al 28 de agosto en San Juan, [&hellip;]<\/p>\n","protected":false},"author":1,"featured_media":1576,"comment_status":"open","ping_status":"open","sticky":false,"template":"","format":"standard","meta":{"om_disable_all_campaigns":false,"_monsterinsights_skip_tracking":false,"_monsterinsights_sitenote_active":false,"_monsterinsights_sitenote_note":"","_monsterinsights_sitenote_category":0,"footnotes":""},"categories":[1],"tags":[],"class_list":{"0":"post-1575","1":"post","2":"type-post","3":"status-publish","4":"format-standard","5":"has-post-thumbnail","7":"category-nacionales"},"aioseo_notices":[],"_links":{"self":[{"href":"https:\/\/periodicolarepublica.com\/index.php\/wp-json\/wp\/v2\/posts\/1575","targetHints":{"allow":["GET"]}}],"collection":[{"href":"https:\/\/periodicolarepublica.com\/index.php\/wp-json\/wp\/v2\/posts"}],"about":[{"href":"https:\/\/periodicolarepublica.com\/index.php\/wp-json\/wp\/v2\/types\/post"}],"author":[{"embeddable":true,"href":"https:\/\/periodicolarepublica.com\/index.php\/wp-json\/wp\/v2\/users\/1"}],"replies":[{"embeddable":true,"href":"https:\/\/periodicolarepublica.com\/index.php\/wp-json\/wp\/v2\/comments?post=1575"}],"version-history":[{"count":1,"href":"https:\/\/periodicolarepublica.com\/index.php\/wp-json\/wp\/v2\/posts\/1575\/revisions"}],"predecessor-version":[{"id":1577,"href":"https:\/\/periodicolarepublica.com\/index.php\/wp-json\/wp\/v2\/posts\/1575\/revisions\/1577"}],"wp:featuredmedia":[{"embeddable":true,"href":"https:\/\/periodicolarepublica.com\/index.php\/wp-json\/wp\/v2\/media\/1576"}],"wp:attachment":[{"href":"https:\/\/periodicolarepublica.com\/index.php\/wp-json\/wp\/v2\/media?parent=1575"}],"wp:term":[{"taxonomy":"category","embeddable":true,"href":"https:\/\/periodicolarepublica.com\/index.php\/wp-json\/wp\/v2\/categories?post=1575"},{"taxonomy":"post_tag","embeddable":true,"href":"https:\/\/periodicolarepublica.com\/index.php\/wp-json\/wp\/v2\/tags?post=1575"}],"curies":[{"name":"wp","href":"https:\/\/api.w.org\/{rel}","templated":true}]}}