{"id":1579,"date":"2024-08-29T15:23:32","date_gmt":"2024-08-29T13:23:32","guid":{"rendered":"https:\/\/periodicolarepublica.com\/?p=1579"},"modified":"2024-08-29T15:23:32","modified_gmt":"2024-08-29T13:23:32","slug":"jhonatan-brea-apoya-las-seis-principales-propuestas-del-gobierno-para-la-reforma-laboral","status":"publish","type":"post","link":"https:\/\/periodicolarepublica.com\/index.php\/2024\/08\/29\/jhonatan-brea-apoya-las-seis-principales-propuestas-del-gobierno-para-la-reforma-laboral\/","title":{"rendered":"Jhonatan Brea Apoya las Seis Principales Propuestas del Gobierno para la Reforma Laboral"},"content":{"rendered":"\r\n<p><img loading=\"lazy\" decoding=\"async\" class=\"size-medium wp-image-1592 alignright\" src=\"https:\/\/periodicolarepublica.com\/wp-content\/uploads\/2024\/08\/En-la-manana-de-hoy-estuvimos-acompanando-a-nuestro-presidente-del-Movimiento-poder-pal-pueblo-el-Ing-Tomas-Hernandez-Alberto-240x300.jpg\" alt=\"\" width=\"240\" height=\"300\" srcset=\"https:\/\/periodicolarepublica.com\/wp-content\/uploads\/2024\/08\/En-la-manana-de-hoy-estuvimos-acompanando-a-nuestro-presidente-del-Movimiento-poder-pal-pueblo-el-Ing-Tomas-Hernandez-Alberto-240x300.jpg?v=1724937797 240w, https:\/\/periodicolarepublica.com\/wp-content\/uploads\/2024\/08\/En-la-manana-de-hoy-estuvimos-acompanando-a-nuestro-presidente-del-Movimiento-poder-pal-pueblo-el-Ing-Tomas-Hernandez-Alberto-150x188.jpg?v=1724937797 150w, https:\/\/periodicolarepublica.com\/wp-content\/uploads\/2024\/08\/En-la-manana-de-hoy-estuvimos-acompanando-a-nuestro-presidente-del-Movimiento-poder-pal-pueblo-el-Ing-Tomas-Hernandez-Alberto-300x375.jpg?v=1724937797 300w, https:\/\/periodicolarepublica.com\/wp-content\/uploads\/2024\/08\/En-la-manana-de-hoy-estuvimos-acompanando-a-nuestro-presidente-del-Movimiento-poder-pal-pueblo-el-Ing-Tomas-Hernandez-Alberto-600x750.jpg?v=1724937797 600w, https:\/\/periodicolarepublica.com\/wp-content\/uploads\/2024\/08\/En-la-manana-de-hoy-estuvimos-acompanando-a-nuestro-presidente-del-Movimiento-poder-pal-pueblo-el-Ing-Tomas-Hernandez-Alberto-696x870.jpg?v=1724937797 696w, https:\/\/periodicolarepublica.com\/wp-content\/uploads\/2024\/08\/En-la-manana-de-hoy-estuvimos-acompanando-a-nuestro-presidente-del-Movimiento-poder-pal-pueblo-el-Ing-Tomas-Hernandez-Alberto.jpg?v=1724937797 768w\" sizes=\"auto, (max-width: 240px) 100vw, 240px\" \/>Santo Domingo \u2013 El joven pol\u00edtico y analista Jhonatan Brea, ha manifestado su firme apoyo a las seis principales propuestas del gobierno destinadas a la reforma laboral. Esta iniciativa busca modernizar el mercado laboral y mejorar las condiciones de trabajo en el pa\u00eds.<br \/><br \/>Brea destaca que las propuestas incluyen Aumento en los D\u00edas de Vacaciones: Licencia por Paternidad. Teletrabajo Mejora en la Condiciones de los Trabajadores Dom\u00e9sticos; Fortalecimiento de la Supervisi\u00f3n Laboral: entre otras se dispone de informaci\u00f3n. \u00abEstas reformas son esenciales para garantizar derechos laborales y fomentar un entorno de trabajo m\u00e1s justo y equitativo\u00bb, afirm\u00f3 Brea durante una reciente conferencia de prensa.<br \/><br \/>El pol\u00edtico enfatiza la importancia de la participaci\u00f3n de todos los sectores en la discusi\u00f3n de estas reformas. \u00abEs fundamental que los trabajadores, empleadores y el gobierno trabajen juntos para construir un modelo que beneficie a todos\u00bb, a\u00f1adi\u00f3.<br \/><br \/>Jhonatan Brea invita a los ciudadanos y a los actores pol\u00edticos a unirse al di\u00e1logo sobre estas propuestas, asegurando que la reforma laboral es un paso crucial para el desarrollo sostenible del pa\u00eds.<\/p>\r\n","protected":false},"excerpt":{"rendered":"<p>Santo Domingo \u2013 El joven pol\u00edtico y analista Jhonatan Brea, ha manifestado su firme apoyo a las seis principales propuestas del gobierno destinadas a la reforma laboral. Esta iniciativa busca modernizar el mercado laboral y mejorar las condiciones de trabajo en el pa\u00eds. Brea destaca que las propuestas incluyen Aumento en los D\u00edas de Vacaciones: [&hellip;]<\/p>\n","protected":false},"author":6,"featured_media":1592,"comment_status":"open","ping_status":"open","sticky":false,"template":"","format":"standard","meta":{"om_disable_all_campaigns":false,"_monsterinsights_skip_tracking":false,"_monsterinsights_sitenote_active":false,"_monsterinsights_sitenote_note":"","_monsterinsights_sitenote_category":0,"footnotes":""},"categories":[1],"tags":[304],"class_list":{"0":"post-1579","1":"post","2":"type-post","3":"status-publish","4":"format-standard","5":"has-post-thumbnail","7":"category-nacionales","8":"tag-jhonatan-brea"},"aioseo_notices":[],"_links":{"self":[{"href":"https:\/\/periodicolarepublica.com\/index.php\/wp-json\/wp\/v2\/posts\/1579","targetHints":{"allow":["GET"]}}],"collection":[{"href":"https:\/\/periodicolarepublica.com\/index.php\/wp-json\/wp\/v2\/posts"}],"about":[{"href":"https:\/\/periodicolarepublica.com\/index.php\/wp-json\/wp\/v2\/types\/post"}],"author":[{"embeddable":true,"href":"https:\/\/periodicolarepublica.com\/index.php\/wp-json\/wp\/v2\/users\/6"}],"replies":[{"embeddable":true,"href":"https:\/\/periodicolarepublica.com\/index.php\/wp-json\/wp\/v2\/comments?post=1579"}],"version-history":[{"count":2,"href":"https:\/\/periodicolarepublica.com\/index.php\/wp-json\/wp\/v2\/posts\/1579\/revisions"}],"predecessor-version":[{"id":1593,"href":"https:\/\/periodicolarepublica.com\/index.php\/wp-json\/wp\/v2\/posts\/1579\/revisions\/1593"}],"wp:featuredmedia":[{"embeddable":true,"href":"https:\/\/periodicolarepublica.com\/index.php\/wp-json\/wp\/v2\/media\/1592"}],"wp:attachment":[{"href":"https:\/\/periodicolarepublica.com\/index.php\/wp-json\/wp\/v2\/media?parent=1579"}],"wp:term":[{"taxonomy":"category","embeddable":true,"href":"https:\/\/periodicolarepublica.com\/index.php\/wp-json\/wp\/v2\/categories?post=1579"},{"taxonomy":"post_tag","embeddable":true,"href":"https:\/\/periodicolarepublica.com\/index.php\/wp-json\/wp\/v2\/tags?post=1579"}],"curies":[{"name":"wp","href":"https:\/\/api.w.org\/{rel}","templated":true}]}}