{"id":1583,"date":"2024-08-28T19:57:25","date_gmt":"2024-08-28T17:57:25","guid":{"rendered":"https:\/\/periodicolarepublica.com\/?p=1583"},"modified":"2024-08-28T19:57:25","modified_gmt":"2024-08-28T17:57:25","slug":"raquel-pena-destaca-emprendelab-impulsara-innovacion-y-transformacion-de-mipymes-dominicanas","status":"publish","type":"post","link":"https:\/\/periodicolarepublica.com\/index.php\/2024\/08\/28\/raquel-pena-destaca-emprendelab-impulsara-innovacion-y-transformacion-de-mipymes-dominicanas\/","title":{"rendered":"Raquel Pe\u00f1a destaca EmprendeLab impulsar\u00e1 innovaci\u00f3n y transformaci\u00f3n de MIPYMES dominicanas"},"content":{"rendered":"<p>PROMIPYME otorgar\u00e1 RD$15 millones a los emprendedores destacados para impulsar proyectos de innovaci\u00f3n.<\/p>\n<p><img loading=\"lazy\" decoding=\"async\" class=\"alignnone size-medium wp-image-1584\" src=\"https:\/\/periodicolarepublica.com\/wp-content\/uploads\/2024\/08\/IMG-20240828-WA0028-300x200.jpg\" alt=\"\" width=\"300\" height=\"200\" srcset=\"https:\/\/periodicolarepublica.com\/wp-content\/uploads\/2024\/08\/IMG-20240828-WA0028-300x200.jpg?v=1724867750 300w, https:\/\/periodicolarepublica.com\/wp-content\/uploads\/2024\/08\/IMG-20240828-WA0028-1024x682.jpg?v=1724867750 1024w, https:\/\/periodicolarepublica.com\/wp-content\/uploads\/2024\/08\/IMG-20240828-WA0028-768x512.jpg?v=1724867750 768w, https:\/\/periodicolarepublica.com\/wp-content\/uploads\/2024\/08\/IMG-20240828-WA0028-150x100.jpg?v=1724867750 150w, https:\/\/periodicolarepublica.com\/wp-content\/uploads\/2024\/08\/IMG-20240828-WA0028-600x400.jpg?v=1724867750 600w, https:\/\/periodicolarepublica.com\/wp-content\/uploads\/2024\/08\/IMG-20240828-WA0028-696x464.jpg?v=1724867750 696w, https:\/\/periodicolarepublica.com\/wp-content\/uploads\/2024\/08\/IMG-20240828-WA0028-1068x712.jpg?v=1724867750 1068w, https:\/\/periodicolarepublica.com\/wp-content\/uploads\/2024\/08\/IMG-20240828-WA0028.jpg?v=1724867750 1280w\" sizes=\"auto, (max-width: 300px) 100vw, 300px\" \/><\/p>\n<p>La vicepresidenta de la Rep\u00fablica, Raquel Pe\u00f1a, encabez\u00f3 el lanzamiento formal del proyecto de innovaci\u00f3n Emprendelab, patrocinado por el Consejo Nacional de Promoci\u00f3n y Apoyo a la Micro, Peque\u00f1a y Mediana Empresa (PROMIPYME), en un acto que cont\u00f3 con la participaci\u00f3n del ministro de Industria, Comercio, y Mipymes (MICM), V\u00edctor Bison\u00f3.<\/p>\n<p>La iniciativa, dirigida por la subdirecci\u00f3n de Gesti\u00f3n y Desarrollo Empresarial de PROMIPYME, cont\u00f3 con la participaci\u00f3n de 25 emprendimientos, de los cuales se seleccionaron cinco ganadores por categor\u00eda y cada uno de ellos recibir\u00e1 tres millones para desarrollar sus proyectos innovadores.<\/p>\n<p>Raquel Pe\u00f1a apunt\u00f3 que EmprendeLab llega en un momento oportuno para sumarse a las pol\u00edticas pro-empresa puestas en marcha por el Gobierno del presidente Luis Abinader para que cada emprendedor pueda alcanzar ese sue\u00f1o personal y contribuir con una comunidad que prospera.<\/p>\n<p>Indic\u00f3 que como vicepresidenta y maestra ha visto de cerca los retos que enfrentan los emprendedores, por lo que resalt\u00f3 el valor de la referida iniciativa para impulsar la transformaci\u00f3n de las micro, peque\u00f1as y medianas empresas en nuestro pa\u00eds, ofreciendo formaci\u00f3n integral en m\u00faltiples aspectos de la gesti\u00f3n empresarial, la generaci\u00f3n de ideas y la sostenibilidad de los emprendimientos.<\/p>\n<p>\u00abCon EmprendeLab no s\u00f3lo se potenciar\u00e1n las capacidades de las MIPYMES, sino que ser\u00e1 un centro de innovaci\u00f3n, un espacio donde cada emprendedor y emprendedora encontrar\u00e1 acompa\u00f1amiento en todo el trayecto, desde la creaci\u00f3n de su plan de negocios hasta el acceso a mercados\u00bb, resalt\u00f3.<\/p>\n<p>Por su parte, el ministro del MICM, V\u00edctor Bison\u00f3, subray\u00f3 los aportes de PROMIPYME al fortalecimiento de las MIPYMES a trav\u00e9s de diversos proyectos de emprendimiento e innovaci\u00f3n.<\/p>\n<p>El director general de PROMIPYME, Fabricio G\u00f3mez Mazara, resalt\u00f3 que Emprendelab tiene como objetivo identificar y apoyar propuestas de planes de negocio innovadores con un alto potencial de impacto en el sector empresarial y las MIPYMES. Adem\u00e1s, brinda asistencia t\u00e9cnica integral, incluyendo soporte t\u00e9cnico, financiero y estrat\u00e9gico a los proyectos seleccionados, fomentando un ecosistema de innovaci\u00f3n que cumpla con los est\u00e1ndares del mercado local e internacional.<\/p>\n<p>\u201cPROMIPYME trabaja para seguir impulsando el desarrollo de nuestros j\u00f3venes, mujeres, emprendedores y emprendedoras con proyectos de impacto social y tecnolog\u00eda que generen m\u00e1s empleos y riquezas. Cada proyecto innovador representa una relaci\u00f3n de confianza mutua entre ustedes y PROMIPYME. Apostamos a la juventud, a hombres y mujeres que, con sus proyectos, contribuyan al tejido productivo nacional\u201d, expres\u00f3 G\u00f3mez Mazara.<\/p>\n<p>El funcionario aprovech\u00f3 el espacio para felicitar a los participantes seleccionados: Francisco Cordero, Sa\u00fal Valdez, Nataly Contreras, Oscar Burgos, Mailyn Manzano, Eirick Bautista, Jos\u00e9 G\u00f3mez, Altagracia Ortiz, Yarod Rodr\u00edguez, Ana Alc\u00e1ntara, Adris Valera, Starling de la Cruz, Michael Mat\u00edas, Maxuel Nivar, Woody Jacque, Jeffrey Alexander y Rafael Paredes, quienes presentaron proyectos destacados en las categor\u00edas \u201cComercio 4.0\u201d, \u201cAgrotech\u201d, \u201cTecnoIndustria\u201d, \u201cIndustrias Creativas\u201d y \u201cSoftware\u201d.<\/p>\n","protected":false},"excerpt":{"rendered":"<p>PROMIPYME otorgar\u00e1 RD$15 millones a los emprendedores destacados para impulsar proyectos de innovaci\u00f3n. La vicepresidenta de la Rep\u00fablica, Raquel Pe\u00f1a, encabez\u00f3 el lanzamiento formal del proyecto de innovaci\u00f3n Emprendelab, patrocinado por el Consejo Nacional de Promoci\u00f3n y Apoyo a la Micro, Peque\u00f1a y Mediana Empresa (PROMIPYME), en un acto que cont\u00f3 con la participaci\u00f3n del [&hellip;]<\/p>\n","protected":false},"author":6,"featured_media":1584,"comment_status":"open","ping_status":"open","sticky":false,"template":"","format":"standard","meta":{"om_disable_all_campaigns":false,"_monsterinsights_skip_tracking":false,"_monsterinsights_sitenote_active":false,"_monsterinsights_sitenote_note":"","_monsterinsights_sitenote_category":0,"footnotes":""},"categories":[1],"tags":[],"class_list":{"0":"post-1583","1":"post","2":"type-post","3":"status-publish","4":"format-standard","5":"has-post-thumbnail","7":"category-nacionales"},"aioseo_notices":[],"_links":{"self":[{"href":"https:\/\/periodicolarepublica.com\/index.php\/wp-json\/wp\/v2\/posts\/1583","targetHints":{"allow":["GET"]}}],"collection":[{"href":"https:\/\/periodicolarepublica.com\/index.php\/wp-json\/wp\/v2\/posts"}],"about":[{"href":"https:\/\/periodicolarepublica.com\/index.php\/wp-json\/wp\/v2\/types\/post"}],"author":[{"embeddable":true,"href":"https:\/\/periodicolarepublica.com\/index.php\/wp-json\/wp\/v2\/users\/6"}],"replies":[{"embeddable":true,"href":"https:\/\/periodicolarepublica.com\/index.php\/wp-json\/wp\/v2\/comments?post=1583"}],"version-history":[{"count":1,"href":"https:\/\/periodicolarepublica.com\/index.php\/wp-json\/wp\/v2\/posts\/1583\/revisions"}],"predecessor-version":[{"id":1585,"href":"https:\/\/periodicolarepublica.com\/index.php\/wp-json\/wp\/v2\/posts\/1583\/revisions\/1585"}],"wp:featuredmedia":[{"embeddable":true,"href":"https:\/\/periodicolarepublica.com\/index.php\/wp-json\/wp\/v2\/media\/1584"}],"wp:attachment":[{"href":"https:\/\/periodicolarepublica.com\/index.php\/wp-json\/wp\/v2\/media?parent=1583"}],"wp:term":[{"taxonomy":"category","embeddable":true,"href":"https:\/\/periodicolarepublica.com\/index.php\/wp-json\/wp\/v2\/categories?post=1583"},{"taxonomy":"post_tag","embeddable":true,"href":"https:\/\/periodicolarepublica.com\/index.php\/wp-json\/wp\/v2\/tags?post=1583"}],"curies":[{"name":"wp","href":"https:\/\/api.w.org\/{rel}","templated":true}]}}