{"id":1591,"date":"2024-08-29T18:34:37","date_gmt":"2024-08-29T16:34:37","guid":{"rendered":"https:\/\/periodicolarepublica.com\/?p=1591"},"modified":"2024-08-29T18:34:37","modified_gmt":"2024-08-29T16:34:37","slug":"leandro-polanco-el-joven-regidor-que-abre-las-puertas-de-la-politica-a-la-comunidad","status":"publish","type":"post","link":"https:\/\/periodicolarepublica.com\/index.php\/2024\/08\/29\/leandro-polanco-el-joven-regidor-que-abre-las-puertas-de-la-politica-a-la-comunidad\/","title":{"rendered":"Leandro Polanco, el Joven Regidor que Abre las Puertas de la Pol\u00edtica a la Comunidad"},"content":{"rendered":"\r\n<p><img loading=\"lazy\" decoding=\"async\" class=\"size-medium wp-image-1596 alignright\" src=\"https:\/\/periodicolarepublica.com\/wp-content\/uploads\/2024\/08\/El-Regidor-de-la-caleta-240x300.jpg\" alt=\"\" width=\"240\" height=\"300\" srcset=\"https:\/\/periodicolarepublica.com\/wp-content\/uploads\/2024\/08\/El-Regidor-de-la-caleta-240x300.jpg?v=1724949252 240w, https:\/\/periodicolarepublica.com\/wp-content\/uploads\/2024\/08\/El-Regidor-de-la-caleta-819x1024.jpg?v=1724949252 819w, https:\/\/periodicolarepublica.com\/wp-content\/uploads\/2024\/08\/El-Regidor-de-la-caleta-768x960.jpg?v=1724949252 768w, https:\/\/periodicolarepublica.com\/wp-content\/uploads\/2024\/08\/El-Regidor-de-la-caleta-150x188.jpg?v=1724949252 150w, https:\/\/periodicolarepublica.com\/wp-content\/uploads\/2024\/08\/El-Regidor-de-la-caleta-300x375.jpg?v=1724949252 300w, https:\/\/periodicolarepublica.com\/wp-content\/uploads\/2024\/08\/El-Regidor-de-la-caleta-600x750.jpg?v=1724949252 600w, https:\/\/periodicolarepublica.com\/wp-content\/uploads\/2024\/08\/El-Regidor-de-la-caleta-696x870.jpg?v=1724949252 696w, https:\/\/periodicolarepublica.com\/wp-content\/uploads\/2024\/08\/El-Regidor-de-la-caleta-1068x1335.jpg?v=1724949252 1068w, https:\/\/periodicolarepublica.com\/wp-content\/uploads\/2024\/08\/El-Regidor-de-la-caleta.jpg?v=1724949252 1080w\" sizes=\"auto, (max-width: 240px) 100vw, 240px\" \/><br \/><br \/>Un futuro brillante para La Caleta con el liderazgo de un joven comprometido <br \/><br \/>La Caleta, Rep\u00fablica Dominicana \u2013 29 de agosto de 2024 \u2013 Leandro Polanco, Vocero del Bloque del Partido Revolucionario Moderno (PRM) en el municipio de La Caleta, se destaca como un joven brillante con un futuro prometedor en la pol\u00edtica. Comprometido con su comunidad, Polanco mantiene su oficina abierta a todos los mun\u00edcipes, fomentando la participaci\u00f3n ciudadana y el di\u00e1logo. <br \/><br \/>Desde su llegada al cargo, Polanco ha demostrado ser un l\u00edder accesible, escuchando las necesidades de sus conciudadanos y trabajando para implementar soluciones efectivas. \u00abMi objetivo es servir a la comunidad y asegurar que cada voz sea escuchada. La pol\u00edtica debe estar al servicio del pueblo\u00bb, afirm\u00f3 Polanco. <br \/><br \/>Con una s\u00f3lida formaci\u00f3n acad\u00e9mica y una pasi\u00f3n por el bienestar de su municipio, Leandro Polanco se perfila como una figura clave en el futuro pol\u00edtico de La Caleta. Su enfoque inclusivo y su dedicaci\u00f3n a la mejora de la calidad de vida de los ciudadanos son testimonio de su compromiso.<\/p>\r\n","protected":false},"excerpt":{"rendered":"<p>Un futuro brillante para La Caleta con el liderazgo de un joven comprometido La Caleta, Rep\u00fablica Dominicana \u2013 29 de agosto de 2024 \u2013 Leandro Polanco, Vocero del Bloque del Partido Revolucionario Moderno (PRM) en el municipio de La Caleta, se destaca como un joven brillante con un futuro prometedor en la pol\u00edtica. Comprometido con [&hellip;]<\/p>\n","protected":false},"author":6,"featured_media":1596,"comment_status":"open","ping_status":"open","sticky":false,"template":"","format":"standard","meta":{"om_disable_all_campaigns":false,"_monsterinsights_skip_tracking":false,"_monsterinsights_sitenote_active":false,"_monsterinsights_sitenote_note":"","_monsterinsights_sitenote_category":0,"footnotes":""},"categories":[1],"tags":[305],"class_list":{"0":"post-1591","1":"post","2":"type-post","3":"status-publish","4":"format-standard","5":"has-post-thumbnail","7":"category-nacionales","8":"tag-leandro-polanco"},"aioseo_notices":[],"_links":{"self":[{"href":"https:\/\/periodicolarepublica.com\/index.php\/wp-json\/wp\/v2\/posts\/1591","targetHints":{"allow":["GET"]}}],"collection":[{"href":"https:\/\/periodicolarepublica.com\/index.php\/wp-json\/wp\/v2\/posts"}],"about":[{"href":"https:\/\/periodicolarepublica.com\/index.php\/wp-json\/wp\/v2\/types\/post"}],"author":[{"embeddable":true,"href":"https:\/\/periodicolarepublica.com\/index.php\/wp-json\/wp\/v2\/users\/6"}],"replies":[{"embeddable":true,"href":"https:\/\/periodicolarepublica.com\/index.php\/wp-json\/wp\/v2\/comments?post=1591"}],"version-history":[{"count":2,"href":"https:\/\/periodicolarepublica.com\/index.php\/wp-json\/wp\/v2\/posts\/1591\/revisions"}],"predecessor-version":[{"id":1597,"href":"https:\/\/periodicolarepublica.com\/index.php\/wp-json\/wp\/v2\/posts\/1591\/revisions\/1597"}],"wp:featuredmedia":[{"embeddable":true,"href":"https:\/\/periodicolarepublica.com\/index.php\/wp-json\/wp\/v2\/media\/1596"}],"wp:attachment":[{"href":"https:\/\/periodicolarepublica.com\/index.php\/wp-json\/wp\/v2\/media?parent=1591"}],"wp:term":[{"taxonomy":"category","embeddable":true,"href":"https:\/\/periodicolarepublica.com\/index.php\/wp-json\/wp\/v2\/categories?post=1591"},{"taxonomy":"post_tag","embeddable":true,"href":"https:\/\/periodicolarepublica.com\/index.php\/wp-json\/wp\/v2\/tags?post=1591"}],"curies":[{"name":"wp","href":"https:\/\/api.w.org\/{rel}","templated":true}]}}