{"id":1595,"date":"2024-08-29T23:35:46","date_gmt":"2024-08-29T21:35:46","guid":{"rendered":"https:\/\/periodicolarepublica.com\/?p=1595"},"modified":"2024-08-29T23:35:46","modified_gmt":"2024-08-29T21:35:46","slug":"tomas-hernandez-alberto-elogia-anuncio-de-reforma-laboral-por-parte-del-presidente-luis-abinader","status":"publish","type":"post","link":"https:\/\/periodicolarepublica.com\/index.php\/2024\/08\/29\/tomas-hernandez-alberto-elogia-anuncio-de-reforma-laboral-por-parte-del-presidente-luis-abinader\/","title":{"rendered":"Tom\u00e1s Hern\u00e1ndez Alberto Elogia Anuncio de Reforma Laboral por Parte del Presidente Luis Abinader"},"content":{"rendered":"\r\n<p><img loading=\"lazy\" decoding=\"async\" class=\"size-medium wp-image-1451 alignright\" src=\"https:\/\/periodicolarepublica.com\/wp-content\/uploads\/2024\/08\/292855774_5112724192098737_9118242781074302202_n-300x200.jpg\" alt=\"\" width=\"300\" height=\"200\" srcset=\"https:\/\/periodicolarepublica.com\/wp-content\/uploads\/2024\/08\/292855774_5112724192098737_9118242781074302202_n-300x200.jpg?v=1723130931 300w, https:\/\/periodicolarepublica.com\/wp-content\/uploads\/2024\/08\/292855774_5112724192098737_9118242781074302202_n-1024x683.jpg?v=1723130931 1024w, https:\/\/periodicolarepublica.com\/wp-content\/uploads\/2024\/08\/292855774_5112724192098737_9118242781074302202_n-768x512.jpg?v=1723130931 768w, https:\/\/periodicolarepublica.com\/wp-content\/uploads\/2024\/08\/292855774_5112724192098737_9118242781074302202_n-150x100.jpg?v=1723130931 150w, https:\/\/periodicolarepublica.com\/wp-content\/uploads\/2024\/08\/292855774_5112724192098737_9118242781074302202_n-600x400.jpg?v=1723130931 600w, https:\/\/periodicolarepublica.com\/wp-content\/uploads\/2024\/08\/292855774_5112724192098737_9118242781074302202_n-696x464.jpg?v=1723130931 696w, https:\/\/periodicolarepublica.com\/wp-content\/uploads\/2024\/08\/292855774_5112724192098737_9118242781074302202_n-1068x712.jpg?v=1723130931 1068w, https:\/\/periodicolarepublica.com\/wp-content\/uploads\/2024\/08\/292855774_5112724192098737_9118242781074302202_n.jpg?v=1723130931 1080w\" sizes=\"auto, (max-width: 300px) 100vw, 300px\" \/>Santo Domingo \u2013 El ingeniero Tom\u00e1s Hern\u00e1ndez Alberto, presidente del Movimiento Pol\u00edtico Poder P&#8217;AL Pueblo, ha elogiado al presidente Luis Abinader por su reciente anuncio sobre la necesaria reforma laboral en el pa\u00eds. Hern\u00e1ndez Alberto destac\u00f3 la importancia de esta iniciativa para garantizar que los empleados cuenten con trabajos dignos y derechos laborales adecuados. <br \/><br \/>\u201cEsta reforma es un paso crucial para mejorar las condiciones laborales en nuestro pa\u00eds. Es fundamental que todos los trabajadores tengan acceso a derechos que les permitan desarrollarse y vivir con dignidad\u201d, expres\u00f3 el ingeniero Hern\u00e1ndez Alberto. <br \/><br \/>El l\u00edder pol\u00edtico tambi\u00e9n enfatiz\u00f3 que la reforma laboral no solo beneficiar\u00e1 a los empleados, sino que tambi\u00e9n impulsar\u00e1 el crecimiento econ\u00f3mico y la estabilidad social en la naci\u00f3n. \u201cUn trabajador feliz y seguro es un trabajador productivo. Estamos confiados en que esta iniciativa traer\u00e1 cambios positivos para todos\u201d, a\u00f1adi\u00f3. <br \/><br \/>Acerca del Movimiento Pol\u00edtico Poder P&#8217;AL Pueblo <br \/><br \/>El Movimiento Pol\u00edtico Poder P&#8217;AL Pueblo es una organizaci\u00f3n comprometida con la lucha por los derechos de los ciudadanos y la promoci\u00f3n de pol\u00edticas p\u00fablicas que mejoren la calidad de vida en el pa\u00eds.<\/p>\r\n","protected":false},"excerpt":{"rendered":"<p>Santo Domingo \u2013 El ingeniero Tom\u00e1s Hern\u00e1ndez Alberto, presidente del Movimiento Pol\u00edtico Poder P&#8217;AL Pueblo, ha elogiado al presidente Luis Abinader por su reciente anuncio sobre la necesaria reforma laboral en el pa\u00eds. Hern\u00e1ndez Alberto destac\u00f3 la importancia de esta iniciativa para garantizar que los empleados cuenten con trabajos dignos y derechos laborales adecuados. \u201cEsta [&hellip;]<\/p>\n","protected":false},"author":6,"featured_media":1451,"comment_status":"open","ping_status":"open","sticky":false,"template":"","format":"standard","meta":{"om_disable_all_campaigns":false,"_monsterinsights_skip_tracking":false,"_monsterinsights_sitenote_active":false,"_monsterinsights_sitenote_note":"","_monsterinsights_sitenote_category":0,"footnotes":""},"categories":[1],"tags":[163],"class_list":{"0":"post-1595","1":"post","2":"type-post","3":"status-publish","4":"format-standard","5":"has-post-thumbnail","7":"category-nacionales","8":"tag-tomas-hernandez-alberto"},"aioseo_notices":[],"_links":{"self":[{"href":"https:\/\/periodicolarepublica.com\/index.php\/wp-json\/wp\/v2\/posts\/1595","targetHints":{"allow":["GET"]}}],"collection":[{"href":"https:\/\/periodicolarepublica.com\/index.php\/wp-json\/wp\/v2\/posts"}],"about":[{"href":"https:\/\/periodicolarepublica.com\/index.php\/wp-json\/wp\/v2\/types\/post"}],"author":[{"embeddable":true,"href":"https:\/\/periodicolarepublica.com\/index.php\/wp-json\/wp\/v2\/users\/6"}],"replies":[{"embeddable":true,"href":"https:\/\/periodicolarepublica.com\/index.php\/wp-json\/wp\/v2\/comments?post=1595"}],"version-history":[{"count":2,"href":"https:\/\/periodicolarepublica.com\/index.php\/wp-json\/wp\/v2\/posts\/1595\/revisions"}],"predecessor-version":[{"id":1600,"href":"https:\/\/periodicolarepublica.com\/index.php\/wp-json\/wp\/v2\/posts\/1595\/revisions\/1600"}],"wp:featuredmedia":[{"embeddable":true,"href":"https:\/\/periodicolarepublica.com\/index.php\/wp-json\/wp\/v2\/media\/1451"}],"wp:attachment":[{"href":"https:\/\/periodicolarepublica.com\/index.php\/wp-json\/wp\/v2\/media?parent=1595"}],"wp:term":[{"taxonomy":"category","embeddable":true,"href":"https:\/\/periodicolarepublica.com\/index.php\/wp-json\/wp\/v2\/categories?post=1595"},{"taxonomy":"post_tag","embeddable":true,"href":"https:\/\/periodicolarepublica.com\/index.php\/wp-json\/wp\/v2\/tags?post=1595"}],"curies":[{"name":"wp","href":"https:\/\/api.w.org\/{rel}","templated":true}]}}