{"id":1599,"date":"2024-08-31T02:08:09","date_gmt":"2024-08-31T00:08:09","guid":{"rendered":"https:\/\/periodicolarepublica.com\/?p=1599"},"modified":"2024-08-31T02:08:09","modified_gmt":"2024-08-31T00:08:09","slug":"ministro-de-salud-victor-atallah-juramenta-tres-comites-de-asesoramientos-tecnicos-en-inmunizacion","status":"publish","type":"post","link":"https:\/\/periodicolarepublica.com\/index.php\/2024\/08\/31\/ministro-de-salud-victor-atallah-juramenta-tres-comites-de-asesoramientos-tecnicos-en-inmunizacion\/","title":{"rendered":"Ministro de Salud, V\u00edctor Atallah juramenta tres Comit\u00e9s de Asesoramientos T\u00e9cnicos en Inmunizaci\u00f3n"},"content":{"rendered":"\r\n<p><img loading=\"lazy\" decoding=\"async\" class=\"size-medium wp-image-1603 alignright\" src=\"https:\/\/periodicolarepublica.com\/wp-content\/uploads\/2024\/08\/IMG-20240830-WA0069-300x198.jpg\" alt=\"\" width=\"300\" height=\"198\" srcset=\"https:\/\/periodicolarepublica.com\/wp-content\/uploads\/2024\/08\/IMG-20240830-WA0069-300x198.jpg?v=1725062837 300w, https:\/\/periodicolarepublica.com\/wp-content\/uploads\/2024\/08\/IMG-20240830-WA0069-1024x677.jpg?v=1725062837 1024w, https:\/\/periodicolarepublica.com\/wp-content\/uploads\/2024\/08\/IMG-20240830-WA0069-768x508.jpg?v=1725062837 768w, https:\/\/periodicolarepublica.com\/wp-content\/uploads\/2024\/08\/IMG-20240830-WA0069-1536x1016.jpg?v=1725062837 1536w, https:\/\/periodicolarepublica.com\/wp-content\/uploads\/2024\/08\/IMG-20240830-WA0069-150x99.jpg?v=1725062837 150w, https:\/\/periodicolarepublica.com\/wp-content\/uploads\/2024\/08\/IMG-20240830-WA0069-600x397.jpg?v=1725062837 600w, https:\/\/periodicolarepublica.com\/wp-content\/uploads\/2024\/08\/IMG-20240830-WA0069-696x460.jpg?v=1725062837 696w, https:\/\/periodicolarepublica.com\/wp-content\/uploads\/2024\/08\/IMG-20240830-WA0069-1392x920.jpg?v=1725062837 1392w, https:\/\/periodicolarepublica.com\/wp-content\/uploads\/2024\/08\/IMG-20240830-WA0069-1068x706.jpg?v=1725062837 1068w, https:\/\/periodicolarepublica.com\/wp-content\/uploads\/2024\/08\/IMG-20240830-WA0069.jpg?v=1725062837 1600w\" sizes=\"auto, (max-width: 300px) 100vw, 300px\" \/>SANTO DOMINGO R.D- El ministro de Salud, V\u00edctor Atallah, dej\u00f3 juramentados los \u201cComit\u00e9s Nacionales de Asesoramientos T\u00e9cnicos en Inmunizaci\u00f3n\u201d a fin de ampliar las estrategias e investigaci\u00f3n epidemiol\u00f3gica a favor de la eliminaci\u00f3n de enfermedades prevenibles y curables por vacunas, tales como el sarampi\u00f3n, rub\u00e9ola, poliomielitis, entre otras.<br \/><br \/>Durante un acto en la sede del MISPAS, quedaron juramentados m\u00e1s de veinte m\u00e9dicos de diferentes especialidades en los Comit\u00e9s Nacionales: de Asesoramiento T\u00e9cnico sobre Inmunizaci\u00f3n (CNATI), de Sostenibilidad de la Eliminaci\u00f3n del Sarampi\u00f3n, Rub\u00e9ola y S\u00edndrome de Rub\u00e9ola Cong\u00e9nita y el Comit\u00e9 para la Certificaci\u00f3n de la Eliminaci\u00f3n de la Poliomielitis\u201d.<br \/><br \/>El titular de la instituci\u00f3n recomend\u00f3 a los comisionados trabajar con la dedicaci\u00f3n y car\u00e1cter que requiere la medicina inmunitaria, para gestionar la respuesta en la demanda del pa\u00eds en tiempo oportuno con cantidad y calidad a nivel nacional y apegado a la \u00e9tica. <br \/><br \/>\u201cEs necesario que veamos este esfuerzo de uni\u00f3n, no solo como una misi\u00f3n, sino m\u00e1s bien como un soporte importante en la transformaci\u00f3n del sector, ustedes no van a trabajar solos, siempre contar\u00e1n con nuestra colaboraci\u00f3n y asesor\u00eda, adem\u00e1s de las orientaciones de los profesionales que aqu\u00ed se encuentran, pero algo muy importante es respetar la \u00e9tica \u201d indic\u00f3 V\u00edctor Atallah.<br \/><br \/>De igual manera, resalt\u00f3 que lo m\u00e1s importante para el buen funcionamiento de los comit\u00e9s, es trabajar bajo los lineamientos y estatutos de la ley general de Salud (42-01), con \u00e9tica y responsabilidad.<br \/><br \/>Los miembros de los comit\u00e9s, que fueron conformados el pasado 16 de mayo, mediante la resoluci\u00f3n 0008-2024, se comprometieron a promover, orientar, planificar, implementar y evaluar los procesos concernientes a las vacunas para dar cumplimento a los objetivos establecidos por el MISPAS.<br \/><br \/>La doctora Aida Luc\u00eda Vargas, directora de Inmunoprevenibles por Vacunas, manifest\u00f3 que, \u201clo que buscamos con estos comit\u00e9s es la delegaci\u00f3n de funciones, la innovaci\u00f3n de pol\u00edticas p\u00fablicas, para la agilizaci\u00f3n de procesos de vacunaci\u00f3n, con el fin de abastecer la demanda de la poblaci\u00f3n y mantener el pa\u00eds libre de enfermedades que pueden ser prevenibles por vacunas\u201d.<br \/><br \/>Estuvieron presentes representantes del Servicio Nacional de Salud (SNS), Seguro Nacional de Salud (SENASA), Consejo Nacional de Seguridad Social (CNSS), Sociedades M\u00e9dicas, Ministerio de Econom\u00eda, Planificaci\u00f3n y Desarrollo (MEPYD), Consejo Nacional de Poblaci\u00f3n y Familia (CONAPOFA), Ministerio de Educaci\u00f3n (MINERD), y La Asociaci\u00f3n Dominicana de Facultades y Escuelas de Medicina (ADOFEM).<\/p>\r\n","protected":false},"excerpt":{"rendered":"<p>SANTO DOMINGO R.D- El ministro de Salud, V\u00edctor Atallah, dej\u00f3 juramentados los \u201cComit\u00e9s Nacionales de Asesoramientos T\u00e9cnicos en Inmunizaci\u00f3n\u201d a fin de ampliar las estrategias e investigaci\u00f3n epidemiol\u00f3gica a favor de la eliminaci\u00f3n de enfermedades prevenibles y curables por vacunas, tales como el sarampi\u00f3n, rub\u00e9ola, poliomielitis, entre otras. Durante un acto en la sede del [&hellip;]<\/p>\n","protected":false},"author":6,"featured_media":1603,"comment_status":"open","ping_status":"open","sticky":false,"template":"","format":"standard","meta":{"om_disable_all_campaigns":false,"_monsterinsights_skip_tracking":false,"_monsterinsights_sitenote_active":false,"_monsterinsights_sitenote_note":"","_monsterinsights_sitenote_category":0,"footnotes":""},"categories":[1],"tags":[175,161],"class_list":{"0":"post-1599","1":"post","2":"type-post","3":"status-publish","4":"format-standard","5":"has-post-thumbnail","7":"category-nacionales","8":"tag-ministro-de-salud-publica","9":"tag-victor-atallah"},"aioseo_notices":[],"_links":{"self":[{"href":"https:\/\/periodicolarepublica.com\/index.php\/wp-json\/wp\/v2\/posts\/1599","targetHints":{"allow":["GET"]}}],"collection":[{"href":"https:\/\/periodicolarepublica.com\/index.php\/wp-json\/wp\/v2\/posts"}],"about":[{"href":"https:\/\/periodicolarepublica.com\/index.php\/wp-json\/wp\/v2\/types\/post"}],"author":[{"embeddable":true,"href":"https:\/\/periodicolarepublica.com\/index.php\/wp-json\/wp\/v2\/users\/6"}],"replies":[{"embeddable":true,"href":"https:\/\/periodicolarepublica.com\/index.php\/wp-json\/wp\/v2\/comments?post=1599"}],"version-history":[{"count":2,"href":"https:\/\/periodicolarepublica.com\/index.php\/wp-json\/wp\/v2\/posts\/1599\/revisions"}],"predecessor-version":[{"id":1604,"href":"https:\/\/periodicolarepublica.com\/index.php\/wp-json\/wp\/v2\/posts\/1599\/revisions\/1604"}],"wp:featuredmedia":[{"embeddable":true,"href":"https:\/\/periodicolarepublica.com\/index.php\/wp-json\/wp\/v2\/media\/1603"}],"wp:attachment":[{"href":"https:\/\/periodicolarepublica.com\/index.php\/wp-json\/wp\/v2\/media?parent=1599"}],"wp:term":[{"taxonomy":"category","embeddable":true,"href":"https:\/\/periodicolarepublica.com\/index.php\/wp-json\/wp\/v2\/categories?post=1599"},{"taxonomy":"post_tag","embeddable":true,"href":"https:\/\/periodicolarepublica.com\/index.php\/wp-json\/wp\/v2\/tags?post=1599"}],"curies":[{"name":"wp","href":"https:\/\/api.w.org\/{rel}","templated":true}]}}