{"id":1602,"date":"2024-09-02T22:35:47","date_gmt":"2024-09-02T20:35:47","guid":{"rendered":"https:\/\/periodicolarepublica.com\/?p=1602"},"modified":"2024-09-02T22:35:47","modified_gmt":"2024-09-02T20:35:47","slug":"ganemosle-al-dengue-con-exitos-notables","status":"publish","type":"post","link":"https:\/\/periodicolarepublica.com\/index.php\/2024\/09\/02\/ganemosle-al-dengue-con-exitos-notables\/","title":{"rendered":"\u00abGanemosle al Dengue\u00bb con \u00c9xitos Notables\u00bb"},"content":{"rendered":"\r\n<p><img loading=\"lazy\" decoding=\"async\" class=\"size-medium wp-image-1573 alignright\" src=\"https:\/\/periodicolarepublica.com\/wp-content\/uploads\/2024\/08\/IMG-20240826-WA0058-300x200.jpg\" alt=\"\" width=\"300\" height=\"200\" srcset=\"https:\/\/periodicolarepublica.com\/wp-content\/uploads\/2024\/08\/IMG-20240826-WA0058-300x200.jpg?v=1724702405 300w, https:\/\/periodicolarepublica.com\/wp-content\/uploads\/2024\/08\/IMG-20240826-WA0058-1024x683.jpg?v=1724702405 1024w, https:\/\/periodicolarepublica.com\/wp-content\/uploads\/2024\/08\/IMG-20240826-WA0058-768x512.jpg?v=1724702405 768w, https:\/\/periodicolarepublica.com\/wp-content\/uploads\/2024\/08\/IMG-20240826-WA0058-1536x1024.jpg?v=1724702405 1536w, https:\/\/periodicolarepublica.com\/wp-content\/uploads\/2024\/08\/IMG-20240826-WA0058-2048x1365.jpg?v=1724702405 2048w, https:\/\/periodicolarepublica.com\/wp-content\/uploads\/2024\/08\/IMG-20240826-WA0058-150x100.jpg?v=1724702405 150w, https:\/\/periodicolarepublica.com\/wp-content\/uploads\/2024\/08\/IMG-20240826-WA0058-600x400.jpg?v=1724702405 600w, https:\/\/periodicolarepublica.com\/wp-content\/uploads\/2024\/08\/IMG-20240826-WA0058-696x464.jpg?v=1724702405 696w, https:\/\/periodicolarepublica.com\/wp-content\/uploads\/2024\/08\/IMG-20240826-WA0058-1392x928.jpg?v=1724702405 1392w, https:\/\/periodicolarepublica.com\/wp-content\/uploads\/2024\/08\/IMG-20240826-WA0058-1068x712.jpg?v=1724702405 1068w, https:\/\/periodicolarepublica.com\/wp-content\/uploads\/2024\/08\/IMG-20240826-WA0058-1920x1280.jpg?v=1724702405 1920w\" sizes=\"auto, (max-width: 300px) 100vw, 300px\" \/>Santo Domingo \u2014 El Ministerio de Salud P\u00fablica, bajo la direcci\u00f3n del Ministro Dr. V\u00edctor Atallah, ha lanzado la campa\u00f1a nacional \u00abGanemosle al Dengue\u00bb, que ha comenzado a mostrar resultados positivos en la reducci\u00f3n de casos del dengue en los \u00faltimos d\u00edas.<br \/><br \/>La campa\u00f1a \u00abGanemosle al Dengue\u00bb se enfoca en la concienciaci\u00f3n y la prevenci\u00f3n, animando a la poblaci\u00f3n a tomar medidas proactivas para combatir la propagaci\u00f3n del virus. Desde su implementaci\u00f3n, se ha observado una disminuci\u00f3n significativa en el n\u00famero de casos reportados.<br \/><br \/>El Ministro Atallah destac\u00f3: \u00abEstamos ganando la batalla contra el dengue. Los esfuerzos conjuntos de la comunidad y el gobierno est\u00e1n dando frutos. Sigamos trabajando juntos para mantener nuestros hogares y comunidades saludables.\u00bb<br \/><br \/>El ministerio agradece la colaboraci\u00f3n de los ciudadanos y reitera la importancia de seguir las recomendaciones de salud p\u00fablica, que incluyen eliminar criaderos de mosquitos y utilizar repelentes.<\/p>\r\n","protected":false},"excerpt":{"rendered":"<p>Santo Domingo \u2014 El Ministerio de Salud P\u00fablica, bajo la direcci\u00f3n del Ministro Dr. V\u00edctor Atallah, ha lanzado la campa\u00f1a nacional \u00abGanemosle al Dengue\u00bb, que ha comenzado a mostrar resultados positivos en la reducci\u00f3n de casos del dengue en los \u00faltimos d\u00edas. La campa\u00f1a \u00abGanemosle al Dengue\u00bb se enfoca en la concienciaci\u00f3n y la prevenci\u00f3n, [&hellip;]<\/p>\n","protected":false},"author":6,"featured_media":1573,"comment_status":"open","ping_status":"open","sticky":false,"template":"","format":"standard","meta":{"om_disable_all_campaigns":false,"_monsterinsights_skip_tracking":false,"_monsterinsights_sitenote_active":false,"_monsterinsights_sitenote_note":"","_monsterinsights_sitenote_category":0,"footnotes":""},"categories":[1],"tags":[161],"class_list":{"0":"post-1602","1":"post","2":"type-post","3":"status-publish","4":"format-standard","5":"has-post-thumbnail","7":"category-nacionales","8":"tag-victor-atallah"},"aioseo_notices":[],"_links":{"self":[{"href":"https:\/\/periodicolarepublica.com\/index.php\/wp-json\/wp\/v2\/posts\/1602","targetHints":{"allow":["GET"]}}],"collection":[{"href":"https:\/\/periodicolarepublica.com\/index.php\/wp-json\/wp\/v2\/posts"}],"about":[{"href":"https:\/\/periodicolarepublica.com\/index.php\/wp-json\/wp\/v2\/types\/post"}],"author":[{"embeddable":true,"href":"https:\/\/periodicolarepublica.com\/index.php\/wp-json\/wp\/v2\/users\/6"}],"replies":[{"embeddable":true,"href":"https:\/\/periodicolarepublica.com\/index.php\/wp-json\/wp\/v2\/comments?post=1602"}],"version-history":[{"count":2,"href":"https:\/\/periodicolarepublica.com\/index.php\/wp-json\/wp\/v2\/posts\/1602\/revisions"}],"predecessor-version":[{"id":1622,"href":"https:\/\/periodicolarepublica.com\/index.php\/wp-json\/wp\/v2\/posts\/1602\/revisions\/1622"}],"wp:featuredmedia":[{"embeddable":true,"href":"https:\/\/periodicolarepublica.com\/index.php\/wp-json\/wp\/v2\/media\/1573"}],"wp:attachment":[{"href":"https:\/\/periodicolarepublica.com\/index.php\/wp-json\/wp\/v2\/media?parent=1602"}],"wp:term":[{"taxonomy":"category","embeddable":true,"href":"https:\/\/periodicolarepublica.com\/index.php\/wp-json\/wp\/v2\/categories?post=1602"},{"taxonomy":"post_tag","embeddable":true,"href":"https:\/\/periodicolarepublica.com\/index.php\/wp-json\/wp\/v2\/tags?post=1602"}],"curies":[{"name":"wp","href":"https:\/\/api.w.org\/{rel}","templated":true}]}}