{"id":1605,"date":"2024-08-31T19:24:22","date_gmt":"2024-08-31T17:24:22","guid":{"rendered":"https:\/\/periodicolarepublica.com\/?p=1605"},"modified":"2024-08-31T19:25:14","modified_gmt":"2024-08-31T17:25:14","slug":"ruddy-de-los-santos-los-funcionarios-deberian-rendir-cuentas-por-lujos-exhibidos-ante-milagros-ortiz","status":"publish","type":"post","link":"https:\/\/periodicolarepublica.com\/index.php\/2024\/08\/31\/ruddy-de-los-santos-los-funcionarios-deberian-rendir-cuentas-por-lujos-exhibidos-ante-milagros-ortiz\/","title":{"rendered":"Ruddy de los Santos; funcionarios deberian rendir cuentas por lujos exhibidos ante Milagros Ortiz"},"content":{"rendered":"<p>En un momento, donde la transparencia y la rendici\u00f3n de cuentas se han convertido en demandas fundamentales de la ciudadan\u00eda, el comunicador y analista pol\u00edtico Ruddy de los Santos ha realizado\u00a0 un comentario sobre los funcionarios p\u00fablicos que deberian presentarse ante la direcci\u00f3n de la Contralor\u00eda General de la Rep\u00fablica, liderada por Milagros Ortiz Bosch, para reportar sus lujos y bienes ostentosos, que algunos fueron visibles en la reciente toma de posesi\u00f3n.<\/p>\n<p><img loading=\"lazy\" decoding=\"async\" class=\"alignnone size-medium wp-image-1607\" src=\"https:\/\/periodicolarepublica.com\/wp-content\/uploads\/2024\/08\/Picsart_24-08-31_13-10-54-159-300x252.jpg\" alt=\"\" width=\"300\" height=\"252\" srcset=\"https:\/\/periodicolarepublica.com\/wp-content\/uploads\/2024\/08\/Picsart_24-08-31_13-10-54-159-300x252.jpg?v=1725124993 300w, https:\/\/periodicolarepublica.com\/wp-content\/uploads\/2024\/08\/Picsart_24-08-31_13-10-54-159-1024x861.jpg?v=1725124993 1024w, https:\/\/periodicolarepublica.com\/wp-content\/uploads\/2024\/08\/Picsart_24-08-31_13-10-54-159-768x645.jpg?v=1725124993 768w, https:\/\/periodicolarepublica.com\/wp-content\/uploads\/2024\/08\/Picsart_24-08-31_13-10-54-159-150x126.jpg?v=1725124993 150w, https:\/\/periodicolarepublica.com\/wp-content\/uploads\/2024\/08\/Picsart_24-08-31_13-10-54-159-600x504.jpg?v=1725124993 600w, https:\/\/periodicolarepublica.com\/wp-content\/uploads\/2024\/08\/Picsart_24-08-31_13-10-54-159-696x585.jpg?v=1725124993 696w, https:\/\/periodicolarepublica.com\/wp-content\/uploads\/2024\/08\/Picsart_24-08-31_13-10-54-159-1068x898.jpg?v=1725124993 1068w, https:\/\/periodicolarepublica.com\/wp-content\/uploads\/2024\/08\/Picsart_24-08-31_13-10-54-159.jpg?v=1725124993 1285w\" sizes=\"auto, (max-width: 300px) 100vw, 300px\" \/><\/p>\n<p>Ruddy de los Santos: \u00bfSer\u00e1 cierto que Do\u00f1a Milagros est\u00e1 llamando a que pasen por su Despacho en la Direcci\u00f3n de \u00c9tica e Integridad Gubernamental a un grupo de funcionarios que desfilaron con lujosos Rolex por la Alfombra Roja el 16 de agosto para que expliquen el origen de las compras y los fondos?<\/p>\n<p>Anoche me top\u00e9 con un funcionario y me pidi\u00f3 que si mi fot\u00f3grafo le hab\u00eda tomado fotos ese d\u00eda que las borrara, porque seg\u00fan \u00e9l \u00aby supuestamente para que no me demanden\u00bb, su Rolex era una r\u00e9plica que cuesta solo US 700, pero para su mala suerte a quien deber\u00e1 convencer de que le crea esa historia es a Do\u00f1a Milagros y no a mi.<\/p>\n<p>&nbsp;<\/p>\n","protected":false},"excerpt":{"rendered":"<p>En un momento, donde la transparencia y la rendici\u00f3n de cuentas se han convertido en demandas fundamentales de la ciudadan\u00eda, el comunicador y analista pol\u00edtico Ruddy de los Santos ha realizado\u00a0 un comentario sobre los funcionarios p\u00fablicos que deberian presentarse ante la direcci\u00f3n de la Contralor\u00eda General de la Rep\u00fablica, liderada por Milagros Ortiz Bosch, [&hellip;]<\/p>\n","protected":false},"author":1,"featured_media":1607,"comment_status":"open","ping_status":"open","sticky":false,"template":"","format":"standard","meta":{"om_disable_all_campaigns":false,"_monsterinsights_skip_tracking":false,"_monsterinsights_sitenote_active":false,"_monsterinsights_sitenote_note":"","_monsterinsights_sitenote_category":0,"footnotes":""},"categories":[1],"tags":[],"class_list":{"0":"post-1605","1":"post","2":"type-post","3":"status-publish","4":"format-standard","5":"has-post-thumbnail","7":"category-nacionales"},"aioseo_notices":[],"_links":{"self":[{"href":"https:\/\/periodicolarepublica.com\/index.php\/wp-json\/wp\/v2\/posts\/1605","targetHints":{"allow":["GET"]}}],"collection":[{"href":"https:\/\/periodicolarepublica.com\/index.php\/wp-json\/wp\/v2\/posts"}],"about":[{"href":"https:\/\/periodicolarepublica.com\/index.php\/wp-json\/wp\/v2\/types\/post"}],"author":[{"embeddable":true,"href":"https:\/\/periodicolarepublica.com\/index.php\/wp-json\/wp\/v2\/users\/1"}],"replies":[{"embeddable":true,"href":"https:\/\/periodicolarepublica.com\/index.php\/wp-json\/wp\/v2\/comments?post=1605"}],"version-history":[{"count":2,"href":"https:\/\/periodicolarepublica.com\/index.php\/wp-json\/wp\/v2\/posts\/1605\/revisions"}],"predecessor-version":[{"id":1609,"href":"https:\/\/periodicolarepublica.com\/index.php\/wp-json\/wp\/v2\/posts\/1605\/revisions\/1609"}],"wp:featuredmedia":[{"embeddable":true,"href":"https:\/\/periodicolarepublica.com\/index.php\/wp-json\/wp\/v2\/media\/1607"}],"wp:attachment":[{"href":"https:\/\/periodicolarepublica.com\/index.php\/wp-json\/wp\/v2\/media?parent=1605"}],"wp:term":[{"taxonomy":"category","embeddable":true,"href":"https:\/\/periodicolarepublica.com\/index.php\/wp-json\/wp\/v2\/categories?post=1605"},{"taxonomy":"post_tag","embeddable":true,"href":"https:\/\/periodicolarepublica.com\/index.php\/wp-json\/wp\/v2\/tags?post=1605"}],"curies":[{"name":"wp","href":"https:\/\/api.w.org\/{rel}","templated":true}]}}