{"id":161,"date":"2023-11-30T04:46:19","date_gmt":"2023-11-30T03:46:19","guid":{"rendered":"https:\/\/periodicolarepublica.com\/?p=161"},"modified":"2023-11-30T04:46:19","modified_gmt":"2023-11-30T03:46:19","slug":"superate-con-bono-navideno","status":"publish","type":"post","link":"https:\/\/periodicolarepublica.com\/index.php\/2023\/11\/30\/superate-con-bono-navideno\/","title":{"rendered":"Superate con Bono Navide\u00f1o"},"content":{"rendered":"\n<p><\/p>\n\n\n\n<p>El programa\u00a0<strong>Sup\u00e9rate <\/strong>realizo lanzamiento <strong>\u201cGobierno Contigo\u201d,<\/strong>\u00a0que permitir\u00e1 un acceso m\u00e1s \u00e1gil y seguro para el\u00a0<strong>Bono Navide\u00f1o<\/strong>, dirigido a las\u00a0<strong>familias con mayor vulnerabilidad econ\u00f3mica del pa\u00eds.<\/strong> A trav\u00e9s de\u00a0<a href=\"https:\/\/bit.ly\/3SVaD9k\">elgobiernocontigo.gob.do<\/a>\u00a0seran \u00a0<strong>500,000 Bonos Navide\u00f1os,\u00a0<\/strong>con un monto de\u00a0<strong>1,500 pesos<\/strong>, el acto de lanzamiento, encabezado por la\u00a0<strong>directora general de Sup\u00e9rate, Gloria Reyes<\/strong>.  <\/p>\n\n\n\n<p>La Rep\u00fablica se pregunta, Todos esos bonos? A quienes llegan estos Bonos? Como pueden obtenerse?<\/p>\n\n\n\n<figure class=\"wp-block-image size-large\"><img loading=\"lazy\" decoding=\"async\" width=\"1024\" height=\"463\" src=\"https:\/\/periodicolarepublica.com\/wp-content\/uploads\/2023\/11\/IMG_20231129_233638-1024x463.jpg\" alt=\"\" class=\"wp-image-163\" srcset=\"https:\/\/periodicolarepublica.com\/wp-content\/uploads\/2023\/11\/IMG_20231129_233638-1024x463.jpg?v=1715379852 1024w, https:\/\/periodicolarepublica.com\/wp-content\/uploads\/2023\/11\/IMG_20231129_233638-300x136.jpg?v=1715379852 300w, https:\/\/periodicolarepublica.com\/wp-content\/uploads\/2023\/11\/IMG_20231129_233638-768x347.jpg?v=1715379852 768w, https:\/\/periodicolarepublica.com\/wp-content\/uploads\/2023\/11\/IMG_20231129_233638.jpg?v=1715379852 1080w\" sizes=\"auto, (max-width: 1024px) 100vw, 1024px\" \/><\/figure>\n","protected":false},"excerpt":{"rendered":"<p>El programa\u00a0Sup\u00e9rate realizo lanzamiento \u201cGobierno Contigo\u201d,\u00a0que permitir\u00e1 un acceso m\u00e1s \u00e1gil y seguro para el\u00a0Bono Navide\u00f1o, dirigido a las\u00a0familias con mayor vulnerabilidad econ\u00f3mica del pa\u00eds. A trav\u00e9s de\u00a0elgobiernocontigo.gob.do\u00a0seran \u00a0500,000 Bonos Navide\u00f1os,\u00a0con un monto de\u00a01,500 pesos, el acto de lanzamiento, encabezado por la\u00a0directora general de Sup\u00e9rate, Gloria Reyes. La Rep\u00fablica se pregunta, Todos esos bonos? A [&hellip;]<\/p>\n","protected":false},"author":1,"featured_media":163,"comment_status":"open","ping_status":"open","sticky":false,"template":"","format":"standard","meta":{"om_disable_all_campaigns":false,"_monsterinsights_skip_tracking":false,"_monsterinsights_sitenote_active":false,"_monsterinsights_sitenote_note":"","_monsterinsights_sitenote_category":0,"footnotes":""},"categories":[1],"tags":[12,10,11],"class_list":{"0":"post-161","1":"post","2":"type-post","3":"status-publish","4":"format-standard","5":"has-post-thumbnail","7":"category-nacionales","8":"tag-bono","9":"tag-brisita","10":"tag-navidad"},"aioseo_notices":[],"_links":{"self":[{"href":"https:\/\/periodicolarepublica.com\/index.php\/wp-json\/wp\/v2\/posts\/161","targetHints":{"allow":["GET"]}}],"collection":[{"href":"https:\/\/periodicolarepublica.com\/index.php\/wp-json\/wp\/v2\/posts"}],"about":[{"href":"https:\/\/periodicolarepublica.com\/index.php\/wp-json\/wp\/v2\/types\/post"}],"author":[{"embeddable":true,"href":"https:\/\/periodicolarepublica.com\/index.php\/wp-json\/wp\/v2\/users\/1"}],"replies":[{"embeddable":true,"href":"https:\/\/periodicolarepublica.com\/index.php\/wp-json\/wp\/v2\/comments?post=161"}],"version-history":[{"count":1,"href":"https:\/\/periodicolarepublica.com\/index.php\/wp-json\/wp\/v2\/posts\/161\/revisions"}],"predecessor-version":[{"id":164,"href":"https:\/\/periodicolarepublica.com\/index.php\/wp-json\/wp\/v2\/posts\/161\/revisions\/164"}],"wp:featuredmedia":[{"embeddable":true,"href":"https:\/\/periodicolarepublica.com\/index.php\/wp-json\/wp\/v2\/media\/163"}],"wp:attachment":[{"href":"https:\/\/periodicolarepublica.com\/index.php\/wp-json\/wp\/v2\/media?parent=161"}],"wp:term":[{"taxonomy":"category","embeddable":true,"href":"https:\/\/periodicolarepublica.com\/index.php\/wp-json\/wp\/v2\/categories?post=161"},{"taxonomy":"post_tag","embeddable":true,"href":"https:\/\/periodicolarepublica.com\/index.php\/wp-json\/wp\/v2\/tags?post=161"}],"curies":[{"name":"wp","href":"https:\/\/api.w.org\/{rel}","templated":true}]}}