{"id":1614,"date":"2024-08-31T23:40:15","date_gmt":"2024-08-31T21:40:15","guid":{"rendered":"https:\/\/periodicolarepublica.com\/?p=1614"},"modified":"2024-08-31T23:40:15","modified_gmt":"2024-08-31T21:40:15","slug":"banco-popular-ofrece-charla-de-finanzas-personales-a-periodistas-y-comunicadores","status":"publish","type":"post","link":"https:\/\/periodicolarepublica.com\/index.php\/2024\/08\/31\/banco-popular-ofrece-charla-de-finanzas-personales-a-periodistas-y-comunicadores\/","title":{"rendered":"Banco Popular ofrece charla de finanzas personales a periodistas y comunicadores"},"content":{"rendered":"<p>La actividad se enmarca en el programa \u201cFinanzas con Prop\u00f3sito\u201d<\/p>\n<p><img loading=\"lazy\" decoding=\"async\" class=\"alignnone size-medium wp-image-1615\" src=\"https:\/\/periodicolarepublica.com\/wp-content\/uploads\/2024\/08\/BPD002-300x200.jpg\" alt=\"\" width=\"300\" height=\"200\" srcset=\"https:\/\/periodicolarepublica.com\/wp-content\/uploads\/2024\/08\/BPD002-300x200.jpg?v=1725139645 300w, https:\/\/periodicolarepublica.com\/wp-content\/uploads\/2024\/08\/BPD002-1024x683.jpg?v=1725139645 1024w, https:\/\/periodicolarepublica.com\/wp-content\/uploads\/2024\/08\/BPD002-768x512.jpg?v=1725139645 768w, https:\/\/periodicolarepublica.com\/wp-content\/uploads\/2024\/08\/BPD002-1536x1024.jpg?v=1725139645 1536w, https:\/\/periodicolarepublica.com\/wp-content\/uploads\/2024\/08\/BPD002-2048x1365.jpg?v=1725139645 2048w, https:\/\/periodicolarepublica.com\/wp-content\/uploads\/2024\/08\/BPD002-150x100.jpg?v=1725139645 150w, https:\/\/periodicolarepublica.com\/wp-content\/uploads\/2024\/08\/BPD002-600x400.jpg?v=1725139645 600w, https:\/\/periodicolarepublica.com\/wp-content\/uploads\/2024\/08\/BPD002-696x464.jpg?v=1725139645 696w, https:\/\/periodicolarepublica.com\/wp-content\/uploads\/2024\/08\/BPD002-1392x928.jpg?v=1725139645 1392w, https:\/\/periodicolarepublica.com\/wp-content\/uploads\/2024\/08\/BPD002-1068x712.jpg?v=1725139645 1068w, https:\/\/periodicolarepublica.com\/wp-content\/uploads\/2024\/08\/BPD002-1920x1280.jpg?v=1725139645 1920w\" sizes=\"auto, (max-width: 300px) 100vw, 300px\" \/><\/p>\n<p>Santo Domingo, D.N. \u2013 El Banco Popular Dominicano ofreci\u00f3 la charla \u201cS\u00e1cale el m\u00e1ximo provecho a tu presupuesto mensual\u201d, parte de su programa educativo Finanzas con Prop\u00f3sito, a periodistas y comunicadores, que aprendieron c\u00f3mo implementar un presupuesto familiar, entre otros aspectos.<\/p>\n<p>La charla, que fue impartida por la coach financiera Pamela Pichardo, tuvo lugar en el Aula Popular de Barna Management School y en ella se ofrecieron consejos pr\u00e1cticos y estrategias efectivas para una mejor gesti\u00f3n del presupuesto mensual, enfatizando la importancia de esta herramienta esencial para construir unas sanas finanzas personales.<\/p>\n<p>El se\u00f1or Esteban Mart\u00ednez-Murga, vicepresidente del \u00c1rea de Comunicaci\u00f3n y Reputaci\u00f3n Corporativa del Banco Popular, destac\u00f3 la labor del Popular de promover la alfabetizaci\u00f3n financiera y la inclusi\u00f3n econ\u00f3mica como motores de transformaci\u00f3n positiva para la sociedad dominicana.<\/p>\n","protected":false},"excerpt":{"rendered":"<p>La actividad se enmarca en el programa \u201cFinanzas con Prop\u00f3sito\u201d Santo Domingo, D.N. \u2013 El Banco Popular Dominicano ofreci\u00f3 la charla \u201cS\u00e1cale el m\u00e1ximo provecho a tu presupuesto mensual\u201d, parte de su programa educativo Finanzas con Prop\u00f3sito, a periodistas y comunicadores, que aprendieron c\u00f3mo implementar un presupuesto familiar, entre otros aspectos. La charla, que fue [&hellip;]<\/p>\n","protected":false},"author":6,"featured_media":1615,"comment_status":"open","ping_status":"open","sticky":false,"template":"","format":"standard","meta":{"om_disable_all_campaigns":false,"_monsterinsights_skip_tracking":false,"_monsterinsights_sitenote_active":false,"_monsterinsights_sitenote_note":"","_monsterinsights_sitenote_category":0,"footnotes":""},"categories":[33,1],"tags":[36,306],"class_list":{"0":"post-1614","1":"post","2":"type-post","3":"status-publish","4":"format-standard","5":"has-post-thumbnail","7":"category-canal-financiero","8":"category-nacionales","9":"tag-banco-popular","10":"tag-pooularenlinea-com"},"aioseo_notices":[],"_links":{"self":[{"href":"https:\/\/periodicolarepublica.com\/index.php\/wp-json\/wp\/v2\/posts\/1614","targetHints":{"allow":["GET"]}}],"collection":[{"href":"https:\/\/periodicolarepublica.com\/index.php\/wp-json\/wp\/v2\/posts"}],"about":[{"href":"https:\/\/periodicolarepublica.com\/index.php\/wp-json\/wp\/v2\/types\/post"}],"author":[{"embeddable":true,"href":"https:\/\/periodicolarepublica.com\/index.php\/wp-json\/wp\/v2\/users\/6"}],"replies":[{"embeddable":true,"href":"https:\/\/periodicolarepublica.com\/index.php\/wp-json\/wp\/v2\/comments?post=1614"}],"version-history":[{"count":1,"href":"https:\/\/periodicolarepublica.com\/index.php\/wp-json\/wp\/v2\/posts\/1614\/revisions"}],"predecessor-version":[{"id":1616,"href":"https:\/\/periodicolarepublica.com\/index.php\/wp-json\/wp\/v2\/posts\/1614\/revisions\/1616"}],"wp:featuredmedia":[{"embeddable":true,"href":"https:\/\/periodicolarepublica.com\/index.php\/wp-json\/wp\/v2\/media\/1615"}],"wp:attachment":[{"href":"https:\/\/periodicolarepublica.com\/index.php\/wp-json\/wp\/v2\/media?parent=1614"}],"wp:term":[{"taxonomy":"category","embeddable":true,"href":"https:\/\/periodicolarepublica.com\/index.php\/wp-json\/wp\/v2\/categories?post=1614"},{"taxonomy":"post_tag","embeddable":true,"href":"https:\/\/periodicolarepublica.com\/index.php\/wp-json\/wp\/v2\/tags?post=1614"}],"curies":[{"name":"wp","href":"https:\/\/api.w.org\/{rel}","templated":true}]}}