{"id":1621,"date":"2024-09-03T21:40:11","date_gmt":"2024-09-03T19:40:11","guid":{"rendered":"https:\/\/periodicolarepublica.com\/?p=1621"},"modified":"2024-09-03T21:40:11","modified_gmt":"2024-09-03T19:40:11","slug":"dr-victor-atallah-nuestra-vision-es-construir-un-sistema-de-salud-equitativo-y-centrado-en-las-personas","status":"publish","type":"post","link":"https:\/\/periodicolarepublica.com\/index.php\/2024\/09\/03\/dr-victor-atallah-nuestra-vision-es-construir-un-sistema-de-salud-equitativo-y-centrado-en-las-personas\/","title":{"rendered":"Dr. V\u00edctor Atallah: \u00abNuestra visi\u00f3n es construir un sistema de salud equitativo y centrado en las personas\u00bb"},"content":{"rendered":"\r\n<p><img loading=\"lazy\" decoding=\"async\" class=\"size-medium wp-image-1625 alignright\" src=\"https:\/\/periodicolarepublica.com\/wp-content\/uploads\/2024\/09\/IMG-20240903-WA0046-300x200.jpg\" alt=\"\" width=\"300\" height=\"200\" srcset=\"https:\/\/periodicolarepublica.com\/wp-content\/uploads\/2024\/09\/IMG-20240903-WA0046-300x200.jpg?v=1725392390 300w, https:\/\/periodicolarepublica.com\/wp-content\/uploads\/2024\/09\/IMG-20240903-WA0046-1024x684.jpg?v=1725392390 1024w, https:\/\/periodicolarepublica.com\/wp-content\/uploads\/2024\/09\/IMG-20240903-WA0046-768x513.jpg?v=1725392390 768w, https:\/\/periodicolarepublica.com\/wp-content\/uploads\/2024\/09\/IMG-20240903-WA0046-1536x1025.jpg?v=1725392390 1536w, https:\/\/periodicolarepublica.com\/wp-content\/uploads\/2024\/09\/IMG-20240903-WA0046-150x100.jpg?v=1725392390 150w, https:\/\/periodicolarepublica.com\/wp-content\/uploads\/2024\/09\/IMG-20240903-WA0046-600x401.jpg?v=1725392390 600w, https:\/\/periodicolarepublica.com\/wp-content\/uploads\/2024\/09\/IMG-20240903-WA0046-696x465.jpg?v=1725392390 696w, https:\/\/periodicolarepublica.com\/wp-content\/uploads\/2024\/09\/IMG-20240903-WA0046-1392x929.jpg?v=1725392390 1392w, https:\/\/periodicolarepublica.com\/wp-content\/uploads\/2024\/09\/IMG-20240903-WA0046-1068x713.jpg?v=1725392390 1068w, https:\/\/periodicolarepublica.com\/wp-content\/uploads\/2024\/09\/IMG-20240903-WA0046.jpg?v=1725392390 1600w\" sizes=\"auto, (max-width: 300px) 100vw, 300px\" \/>Durante la Formulaci\u00f3n del Plan Estrat\u00e9gico Institucional 2025-2028, el ministro destac\u00f3, que es fundamental consolidar la atenci\u00f3n primaria como la base de un sistema de salud s\u00f3lido, integral y accesible.<br \/><br \/>Santo Domingo. &#8211; El ministro de Salud V\u00edctor Atallah encabez\u00f3 este lunes el taller \u201cFormulaci\u00f3n del Plan Estrat\u00e9gico Institucional 2025-2028\u201d, para iniciar los lineamientos estrat\u00e9gicos y program\u00e1ticos que guiar\u00e1n la labor de la instituci\u00f3n en los pr\u00f3ximos tres a\u00f1os, para brindar y garantizar con calidad los servicios de salud a los ciudadanos en Rep\u00fablica Dominicana.<br \/><br \/>El Plan Estrat\u00e9gico (PEI) 2025-2028, establece los lineamientos a seguir del Ministerio de Salud como \u00f3rgano rector de la salud p\u00fablica dominicana con un abordaje integral y humano.<br \/><br \/>El ministro V\u00edctor Atallah, calific\u00f3 de altamente importante el foro del Plan Estrat\u00e9gico Institucional 2025-2028, debido a que la misi\u00f3n del Ministerio de Salud es dar inicio al proceso de definici\u00f3n, que gu\u00ede los lineamientos a seguir en los pr\u00f3ximos tres a\u00f1os hacia la construcci\u00f3n de un sistema de salud m\u00e1s robusto, accesible y equitativo para todos.<br \/><br \/>Manifest\u00f3 que la planificaci\u00f3n y estrategia son dos elementos muy importantes y \u201cnuestra visi\u00f3n es construir un sistema de salud integral, accesible, equitativo, eficiente y centrado en las personas, que promueva la salud y el bienestar en todas las etapas de la vida y para lograrlo, proponemos un enfoque integral basado en varios pilares clave como son: Fortalecimiento de la Atenci\u00f3n Primaria; Modernizaci\u00f3n de la Infraestructura y Tecnolog\u00eda, Capacitaci\u00f3n y Desarrollo del Recurso Humano, Equidad en el Acceso a la Salud e Innovaci\u00f3n y Sostenibilidad\u201d.<br \/><br \/>Resalt\u00f3 que es fundamental consolidar la atenci\u00f3n primaria como la base de un sistema de salud s\u00f3lido. Es en este nivel donde se previenen enfermedades, se gestionan condiciones<br \/>cr\u00f3nicas y se promueve el bienestar de la poblaci\u00f3n.<br \/>\u00abSin una atenci\u00f3n primaria robusta, no puede aspirar a un sistema de salud que responda eficazmente a las necesidades de la gente\u00bb.<br \/><br \/>El titular de salud, indic\u00f3, adem\u00e1s, que hay que invertir en la modernizaci\u00f3n de las instalaciones de salud, asegurando que est\u00e9n equipadas con la tecnolog\u00eda necesaria para ofrecer atenci\u00f3n de calidad. Esto incluye la implementaci\u00f3n de sistemas de salud digital que permitan un mejor seguimiento de los pacientes y una gesti\u00f3n m\u00e1s eficiente de los recursos.<br \/><br \/>\u201cLa salud es un derecho, no un privilegio. Debemos asegurar que todas las personas, especialmente las m\u00e1s vulnerables, tengan acceso a los servicios de salud que necesitan, eliminando las barreras econ\u00f3micas, geogr\u00e1ficas y culturales\u201d, indic\u00f3 el ministro.<br \/><br \/>El funcionario se\u00f1al\u00f3 que el Plan Estrat\u00e9gico Institucional ser\u00e1 el resultado de un an\u00e1lisis exhaustivo y una planificaci\u00f3n consciente, alineada con la Estrategia Nacional de Desarrollo y otros instrumentos clave del Estado dominicano. Es un esfuerzo que requiere la colaboraci\u00f3n activa de todos los sectores de la sociedad: el gobierno, los profesionales de la salud, el sector privado, la academia y la ciudadan\u00eda.<br \/><br \/>De su lado, Miguel Rodr\u00edguez Vi\u00f1a, viceministro de Fortalecimiento Desarrollo del Sector Salud inform\u00f3 que el PEI 2025-2028 que depende del PLANDES 2030, es el marco de referencia que debe ser el centro de todas las decisiones que se tomen dentro del plan de las pol\u00edticas de salud del gobierno que busca brindar un servicio garantizado de alta calidad y de manera eficiente desde los centros de salud.<br \/><br \/>Durante el taller fueron presentados los resultados de la evaluaci\u00f3n de Plan Estrat\u00e9gico Institucional (PEI 2021- 2024) del MISPAS y Aprendizajes para el Nuevo Proceso, adem\u00e1s<br \/>los Lineamientos Estrat\u00e9gicos para la Planificaci\u00f3n 2025- 2028 y del Manual Metodol\u00f3gico<br \/>para la Gesti\u00f3n de la Planificaci\u00f3n Estrat\u00e9gica Institucional (PEI).<br \/><br \/>Asimismo, sobre la Articulaci\u00f3n Interinstitucional entre los Instrumentos de Planificaci\u00f3n del Estado Dominicano y el Proceso de Formulaci\u00f3n del PEI 2025-2028 del MISPAS, Prioridades del Sector Salud y la END e Indicadores, Marco de Resultados 2025-2028. El Sector Salud y las Metas Presidenciales y el Plan Estrat\u00e9gico Nacional de Salud (PLANDES 2030), entre otros elementos.<br \/><br \/>PEI<br \/><br \/>El Plan Estrat\u00e9gico Institucional (PEI) es el resultado de un proceso colaborativo de los<br \/>diferentes viceministros, colaboradores y t\u00e9cnicos de las Direcciones Provinciales y \u00c1reas de Salud con la colaboraci\u00f3n de las agencias internacionales, que, a trav\u00e9s de un absoluto y participativo proceso de an\u00e1lisis, reflexi\u00f3n y valoraci\u00f3n, consolidaron el compromiso de alinear la gesti\u00f3n del Ministerio de Salud, del actual gobierno del presidente Lu\u00eds Abinader y de todas las instituciones que participan en el marco de cooperaci\u00f3n interinstitucional con<br \/>el objetivo de fortalecer el sistema dominicano de salud.<\/p>\r\n","protected":false},"excerpt":{"rendered":"<p>Durante la Formulaci\u00f3n del Plan Estrat\u00e9gico Institucional 2025-2028, el ministro destac\u00f3, que es fundamental consolidar la atenci\u00f3n primaria como la base de un sistema de salud s\u00f3lido, integral y accesible. Santo Domingo. &#8211; El ministro de Salud V\u00edctor Atallah encabez\u00f3 este lunes el taller \u201cFormulaci\u00f3n del Plan Estrat\u00e9gico Institucional 2025-2028\u201d, para iniciar los lineamientos estrat\u00e9gicos [&hellip;]<\/p>\n","protected":false},"author":6,"featured_media":1625,"comment_status":"open","ping_status":"open","sticky":false,"template":"","format":"standard","meta":{"om_disable_all_campaigns":false,"_monsterinsights_skip_tracking":false,"_monsterinsights_sitenote_active":false,"_monsterinsights_sitenote_note":"","_monsterinsights_sitenote_category":0,"footnotes":""},"categories":[1],"tags":[175,161],"class_list":{"0":"post-1621","1":"post","2":"type-post","3":"status-publish","4":"format-standard","5":"has-post-thumbnail","7":"category-nacionales","8":"tag-ministro-de-salud-publica","9":"tag-victor-atallah"},"aioseo_notices":[],"_links":{"self":[{"href":"https:\/\/periodicolarepublica.com\/index.php\/wp-json\/wp\/v2\/posts\/1621","targetHints":{"allow":["GET"]}}],"collection":[{"href":"https:\/\/periodicolarepublica.com\/index.php\/wp-json\/wp\/v2\/posts"}],"about":[{"href":"https:\/\/periodicolarepublica.com\/index.php\/wp-json\/wp\/v2\/types\/post"}],"author":[{"embeddable":true,"href":"https:\/\/periodicolarepublica.com\/index.php\/wp-json\/wp\/v2\/users\/6"}],"replies":[{"embeddable":true,"href":"https:\/\/periodicolarepublica.com\/index.php\/wp-json\/wp\/v2\/comments?post=1621"}],"version-history":[{"count":2,"href":"https:\/\/periodicolarepublica.com\/index.php\/wp-json\/wp\/v2\/posts\/1621\/revisions"}],"predecessor-version":[{"id":1626,"href":"https:\/\/periodicolarepublica.com\/index.php\/wp-json\/wp\/v2\/posts\/1621\/revisions\/1626"}],"wp:featuredmedia":[{"embeddable":true,"href":"https:\/\/periodicolarepublica.com\/index.php\/wp-json\/wp\/v2\/media\/1625"}],"wp:attachment":[{"href":"https:\/\/periodicolarepublica.com\/index.php\/wp-json\/wp\/v2\/media?parent=1621"}],"wp:term":[{"taxonomy":"category","embeddable":true,"href":"https:\/\/periodicolarepublica.com\/index.php\/wp-json\/wp\/v2\/categories?post=1621"},{"taxonomy":"post_tag","embeddable":true,"href":"https:\/\/periodicolarepublica.com\/index.php\/wp-json\/wp\/v2\/tags?post=1621"}],"curies":[{"name":"wp","href":"https:\/\/api.w.org\/{rel}","templated":true}]}}