{"id":1624,"date":"2024-09-06T18:46:36","date_gmt":"2024-09-06T16:46:36","guid":{"rendered":"https:\/\/periodicolarepublica.com\/?p=1624"},"modified":"2024-09-06T18:46:36","modified_gmt":"2024-09-06T16:46:36","slug":"la-hermandad-historica-entre-republica-dominicana-y-venezuela-un-paralelismo-inverso","status":"publish","type":"post","link":"https:\/\/periodicolarepublica.com\/index.php\/2024\/09\/06\/la-hermandad-historica-entre-republica-dominicana-y-venezuela-un-paralelismo-inverso\/","title":{"rendered":"La Hermandad Hist\u00f3rica entre Rep\u00fablica Dominicana y Venezuela: Un Paralelismo Inverso"},"content":{"rendered":"\r\n<p><img loading=\"lazy\" decoding=\"async\" class=\"size-medium wp-image-1632 alignright\" src=\"https:\/\/periodicolarepublica.com\/wp-content\/uploads\/2024\/09\/IMG-20240906-WA0032-300x202.jpg\" alt=\"\" width=\"300\" height=\"202\" srcset=\"https:\/\/periodicolarepublica.com\/wp-content\/uploads\/2024\/09\/IMG-20240906-WA0032-300x202.jpg?v=1725641180 300w, https:\/\/periodicolarepublica.com\/wp-content\/uploads\/2024\/09\/IMG-20240906-WA0032-1024x691.jpg?v=1725641180 1024w, https:\/\/periodicolarepublica.com\/wp-content\/uploads\/2024\/09\/IMG-20240906-WA0032-768x518.jpg?v=1725641180 768w, https:\/\/periodicolarepublica.com\/wp-content\/uploads\/2024\/09\/IMG-20240906-WA0032-1536x1036.jpg?v=1725641180 1536w, https:\/\/periodicolarepublica.com\/wp-content\/uploads\/2024\/09\/IMG-20240906-WA0032-150x101.jpg?v=1725641180 150w, https:\/\/periodicolarepublica.com\/wp-content\/uploads\/2024\/09\/IMG-20240906-WA0032-600x405.jpg?v=1725641180 600w, https:\/\/periodicolarepublica.com\/wp-content\/uploads\/2024\/09\/IMG-20240906-WA0032-696x469.jpg?v=1725641180 696w, https:\/\/periodicolarepublica.com\/wp-content\/uploads\/2024\/09\/IMG-20240906-WA0032-1392x939.jpg?v=1725641180 1392w, https:\/\/periodicolarepublica.com\/wp-content\/uploads\/2024\/09\/IMG-20240906-WA0032-1068x720.jpg?v=1725641180 1068w, https:\/\/periodicolarepublica.com\/wp-content\/uploads\/2024\/09\/IMG-20240906-WA0032.jpg?v=1725641180 1600w\" sizes=\"auto, (max-width: 300px) 100vw, 300px\" \/>El ingeniero Tom\u00e1s Hern\u00e1ndez Alberto destaca la profunda conexi\u00f3n hist\u00f3rica que une a la Rep\u00fablica Dominicana y Venezuela, un v\u00ednculo que ha ido evolucionando a lo largo del tiempo. Es crucial entender el paralelismo hist\u00f3rico inverso que se ha desarrollado entre ambos pa\u00edses.<br \/><br \/>En la d\u00e9cada de 1960, espec\u00edficamente en 1960-61, R\u00f3mulo Betancourt, entonces presidente de Venezuela, lider\u00f3 la lucha por la democracia en la Rep\u00fablica Dominicana, apoyando la resistencia contra la dictadura de Rafael Trujillo. Este esfuerzo no solo reflej\u00f3 la solidaridad de Venezuela con el pueblo dominicano, sino que tambi\u00e9n sent\u00f3 las bases para una relaci\u00f3n de hermandad que perdura hasta el d\u00eda de hoy.<br \/><br \/>Avanzando hacia 2024, la situaci\u00f3n ha cambiado de manera significativa. En un momento cr\u00edtico para Venezuela, bajo la tiran\u00eda que oprime a su pueblo, el presidente de la Rep\u00fablica Dominicana, Luis Abinader, se posiciona como un l\u00edder en la defensa de la democracia y la libertad en Am\u00e9rica Latina. Abinader ha tomado la iniciativa de abogar por el pueblo venezolano, mostrando que la hermandad entre ambos pa\u00edses trasciende el tiempo y se manifiesta en momentos de necesidad.<br \/><br \/>Esta relaci\u00f3n hist\u00f3rica no solo resalta el apoyo mutuo entre naciones, sino que tambi\u00e9n invita a reflexionar sobre la importancia de la solidaridad en la lucha por los derechos humanos y la democracia en la regi\u00f3n.<br \/><br \/>\u00abEs fundamental que la democracia prevalezca en todo el continente americano\u00bb, afirm\u00f3 Hern\u00e1ndez. \u00abHoy, m\u00e1s que nunca, hacemos un llamado a todos los organismos de seguridad del Estado dominicano para que est\u00e9n alertas y trabajen en conjunto para evitar que se repitan los oscuros cap\u00edtulos de nuestra historia, como aquellos que vivi\u00f3 R\u00f3mulo Betancourt\u00bb.<br \/><br \/>La lucha por la libertad y la democracia es un deber compartido que trasciende fronteras. Este llamado no solo es un recordatorio de la importancia de la vigilancia democr\u00e1tica, sino tambi\u00e9n un exhorto a la solidaridad entre naciones en la defensa de los derechos humanos y la justicia.<\/p>\r\n","protected":false},"excerpt":{"rendered":"<p>El ingeniero Tom\u00e1s Hern\u00e1ndez Alberto destaca la profunda conexi\u00f3n hist\u00f3rica que une a la Rep\u00fablica Dominicana y Venezuela, un v\u00ednculo que ha ido evolucionando a lo largo del tiempo. Es crucial entender el paralelismo hist\u00f3rico inverso que se ha desarrollado entre ambos pa\u00edses. En la d\u00e9cada de 1960, espec\u00edficamente en 1960-61, R\u00f3mulo Betancourt, entonces presidente [&hellip;]<\/p>\n","protected":false},"author":6,"featured_media":1632,"comment_status":"open","ping_status":"open","sticky":false,"template":"","format":"standard","meta":{"om_disable_all_campaigns":false,"_monsterinsights_skip_tracking":false,"_monsterinsights_sitenote_active":false,"_monsterinsights_sitenote_note":"","_monsterinsights_sitenote_category":0,"footnotes":""},"categories":[1],"tags":[163],"class_list":{"0":"post-1624","1":"post","2":"type-post","3":"status-publish","4":"format-standard","5":"has-post-thumbnail","7":"category-nacionales","8":"tag-tomas-hernandez-alberto"},"aioseo_notices":[],"_links":{"self":[{"href":"https:\/\/periodicolarepublica.com\/index.php\/wp-json\/wp\/v2\/posts\/1624","targetHints":{"allow":["GET"]}}],"collection":[{"href":"https:\/\/periodicolarepublica.com\/index.php\/wp-json\/wp\/v2\/posts"}],"about":[{"href":"https:\/\/periodicolarepublica.com\/index.php\/wp-json\/wp\/v2\/types\/post"}],"author":[{"embeddable":true,"href":"https:\/\/periodicolarepublica.com\/index.php\/wp-json\/wp\/v2\/users\/6"}],"replies":[{"embeddable":true,"href":"https:\/\/periodicolarepublica.com\/index.php\/wp-json\/wp\/v2\/comments?post=1624"}],"version-history":[{"count":2,"href":"https:\/\/periodicolarepublica.com\/index.php\/wp-json\/wp\/v2\/posts\/1624\/revisions"}],"predecessor-version":[{"id":1633,"href":"https:\/\/periodicolarepublica.com\/index.php\/wp-json\/wp\/v2\/posts\/1624\/revisions\/1633"}],"wp:featuredmedia":[{"embeddable":true,"href":"https:\/\/periodicolarepublica.com\/index.php\/wp-json\/wp\/v2\/media\/1632"}],"wp:attachment":[{"href":"https:\/\/periodicolarepublica.com\/index.php\/wp-json\/wp\/v2\/media?parent=1624"}],"wp:term":[{"taxonomy":"category","embeddable":true,"href":"https:\/\/periodicolarepublica.com\/index.php\/wp-json\/wp\/v2\/categories?post=1624"},{"taxonomy":"post_tag","embeddable":true,"href":"https:\/\/periodicolarepublica.com\/index.php\/wp-json\/wp\/v2\/tags?post=1624"}],"curies":[{"name":"wp","href":"https:\/\/api.w.org\/{rel}","templated":true}]}}