{"id":1627,"date":"2024-09-04T05:51:59","date_gmt":"2024-09-04T03:51:59","guid":{"rendered":"https:\/\/periodicolarepublica.com\/?p=1627"},"modified":"2024-09-04T05:51:59","modified_gmt":"2024-09-04T03:51:59","slug":"elizabeth-mateo-cumpliendo-anos-y-dejando-huellas-en-la-alcaldia-del-dn","status":"publish","type":"post","link":"https:\/\/periodicolarepublica.com\/index.php\/2024\/09\/04\/elizabeth-mateo-cumpliendo-anos-y-dejando-huellas-en-la-alcaldia-del-dn\/","title":{"rendered":"Elizabeth Mateo: Cumpliendo A\u00f1os y Dejando Huellas en la Alcald\u00eda del DN"},"content":{"rendered":"<p>En el d\u00eda de su cumplea\u00f1os, Elizabeth Mateo no solo celebra otro a\u00f1o de vida, sino tambi\u00e9n un legado de compromiso en su servicio p\u00fablico. Abogada de profesi\u00f3n y comunicadora, Mateo ha dejado una marca destacada en la Alcald\u00eda del Distrito Nacional, donde actualmente se desempe\u00f1a como Secretaria General, cargo que asume con dedicaci\u00f3n.<img loading=\"lazy\" decoding=\"async\" class=\"alignnone size-medium wp-image-1628\" src=\"https:\/\/periodicolarepublica.com\/wp-content\/uploads\/2024\/09\/IMG_20240903_235036-300x206.jpg\" alt=\"\" width=\"300\" height=\"206\" srcset=\"https:\/\/periodicolarepublica.com\/wp-content\/uploads\/2024\/09\/IMG_20240903_235036-300x206.jpg?v=1725421865 300w, https:\/\/periodicolarepublica.com\/wp-content\/uploads\/2024\/09\/IMG_20240903_235036-768x528.jpg?v=1725421865 768w, https:\/\/periodicolarepublica.com\/wp-content\/uploads\/2024\/09\/IMG_20240903_235036-150x103.jpg?v=1725421865 150w, https:\/\/periodicolarepublica.com\/wp-content\/uploads\/2024\/09\/IMG_20240903_235036-218x150.jpg?v=1725421865 218w, https:\/\/periodicolarepublica.com\/wp-content\/uploads\/2024\/09\/IMG_20240903_235036-436x300.jpg?v=1725421865 436w, https:\/\/periodicolarepublica.com\/wp-content\/uploads\/2024\/09\/IMG_20240903_235036-600x413.jpg?v=1725421865 600w, https:\/\/periodicolarepublica.com\/wp-content\/uploads\/2024\/09\/IMG_20240903_235036-696x479.jpg?v=1725421865 696w, https:\/\/periodicolarepublica.com\/wp-content\/uploads\/2024\/09\/IMG_20240903_235036-100x70.jpg?v=1725421865 100w, https:\/\/periodicolarepublica.com\/wp-content\/uploads\/2024\/09\/IMG_20240903_235036.jpg?v=1725421865 942w\" sizes=\"auto, (max-width: 300px) 100vw, 300px\" \/><\/p>\n<p>Antes de alcanzar esta importante posici\u00f3n, Elizabeth Mateo brill\u00f3 como Directora de Comunicaciones de la alcald\u00eda, donde su habilidad para conectar con la comunidad y su experiencia en gesti\u00f3n de medios le permitieron establecer un puente entre el gobierno local y los ciudadanos. Su esfuerzo por mantener la transparencia en la administraci\u00f3n p\u00fablica y fomentar el di\u00e1logo constructivo ha sido reconocido y apreciado por muchos.<\/p>\n<p>Al celebrar su cumplea\u00f1os, la directiva del grupo de medios La Rep\u00fablica, encabezada por M\u00e1ximo Mi\u00f1oso y Hanfiel Polanco, se une a las felicitaciones.<\/p>\n","protected":false},"excerpt":{"rendered":"<p>En el d\u00eda de su cumplea\u00f1os, Elizabeth Mateo no solo celebra otro a\u00f1o de vida, sino tambi\u00e9n un legado de compromiso en su servicio p\u00fablico. Abogada de profesi\u00f3n y comunicadora, Mateo ha dejado una marca destacada en la Alcald\u00eda del Distrito Nacional, donde actualmente se desempe\u00f1a como Secretaria General, cargo que asume con dedicaci\u00f3n. Antes [&hellip;]<\/p>\n","protected":false},"author":1,"featured_media":1628,"comment_status":"open","ping_status":"open","sticky":false,"template":"","format":"standard","meta":{"om_disable_all_campaigns":false,"_monsterinsights_skip_tracking":false,"_monsterinsights_sitenote_active":false,"_monsterinsights_sitenote_note":"","_monsterinsights_sitenote_category":0,"footnotes":""},"categories":[1],"tags":[],"class_list":{"0":"post-1627","1":"post","2":"type-post","3":"status-publish","4":"format-standard","5":"has-post-thumbnail","7":"category-nacionales"},"aioseo_notices":[],"_links":{"self":[{"href":"https:\/\/periodicolarepublica.com\/index.php\/wp-json\/wp\/v2\/posts\/1627","targetHints":{"allow":["GET"]}}],"collection":[{"href":"https:\/\/periodicolarepublica.com\/index.php\/wp-json\/wp\/v2\/posts"}],"about":[{"href":"https:\/\/periodicolarepublica.com\/index.php\/wp-json\/wp\/v2\/types\/post"}],"author":[{"embeddable":true,"href":"https:\/\/periodicolarepublica.com\/index.php\/wp-json\/wp\/v2\/users\/1"}],"replies":[{"embeddable":true,"href":"https:\/\/periodicolarepublica.com\/index.php\/wp-json\/wp\/v2\/comments?post=1627"}],"version-history":[{"count":1,"href":"https:\/\/periodicolarepublica.com\/index.php\/wp-json\/wp\/v2\/posts\/1627\/revisions"}],"predecessor-version":[{"id":1629,"href":"https:\/\/periodicolarepublica.com\/index.php\/wp-json\/wp\/v2\/posts\/1627\/revisions\/1629"}],"wp:featuredmedia":[{"embeddable":true,"href":"https:\/\/periodicolarepublica.com\/index.php\/wp-json\/wp\/v2\/media\/1628"}],"wp:attachment":[{"href":"https:\/\/periodicolarepublica.com\/index.php\/wp-json\/wp\/v2\/media?parent=1627"}],"wp:term":[{"taxonomy":"category","embeddable":true,"href":"https:\/\/periodicolarepublica.com\/index.php\/wp-json\/wp\/v2\/categories?post=1627"},{"taxonomy":"post_tag","embeddable":true,"href":"https:\/\/periodicolarepublica.com\/index.php\/wp-json\/wp\/v2\/tags?post=1627"}],"curies":[{"name":"wp","href":"https:\/\/api.w.org\/{rel}","templated":true}]}}