{"id":1638,"date":"2024-09-08T18:13:16","date_gmt":"2024-09-08T16:13:16","guid":{"rendered":"https:\/\/periodicolarepublica.com\/?p=1638"},"modified":"2024-09-08T18:13:16","modified_gmt":"2024-09-08T16:13:16","slug":"alcaldia-del-dn-recupera-espacios-publicos-y-retira-chatarras-en-manganagua","status":"publish","type":"post","link":"https:\/\/periodicolarepublica.com\/index.php\/2024\/09\/08\/alcaldia-del-dn-recupera-espacios-publicos-y-retira-chatarras-en-manganagua\/","title":{"rendered":"Alcald\u00eda del DN recupera espacios p\u00fablicos y retira chatarras en Manganagua"},"content":{"rendered":"<p>Se eliminaron ocupaciones de las aceras y chatarras que obstaculizaban el tr\u00e1nsito<\/p>\n<p><img loading=\"lazy\" decoding=\"async\" class=\"alignnone size-medium wp-image-1639 aligncenter\" src=\"https:\/\/periodicolarepublica.com\/wp-content\/uploads\/2024\/09\/IMG-20240908-WA0013-300x200.jpg\" alt=\"\" width=\"300\" height=\"200\" srcset=\"https:\/\/periodicolarepublica.com\/wp-content\/uploads\/2024\/09\/IMG-20240908-WA0013-300x200.jpg?v=1725811963 300w, https:\/\/periodicolarepublica.com\/wp-content\/uploads\/2024\/09\/IMG-20240908-WA0013-1024x682.jpg?v=1725811963 1024w, https:\/\/periodicolarepublica.com\/wp-content\/uploads\/2024\/09\/IMG-20240908-WA0013-768x512.jpg?v=1725811963 768w, https:\/\/periodicolarepublica.com\/wp-content\/uploads\/2024\/09\/IMG-20240908-WA0013-1536x1023.jpg?v=1725811963 1536w, https:\/\/periodicolarepublica.com\/wp-content\/uploads\/2024\/09\/IMG-20240908-WA0013-150x100.jpg?v=1725811963 150w, https:\/\/periodicolarepublica.com\/wp-content\/uploads\/2024\/09\/IMG-20240908-WA0013-600x400.jpg?v=1725811963 600w, https:\/\/periodicolarepublica.com\/wp-content\/uploads\/2024\/09\/IMG-20240908-WA0013-696x464.jpg?v=1725811963 696w, https:\/\/periodicolarepublica.com\/wp-content\/uploads\/2024\/09\/IMG-20240908-WA0013-1392x927.jpg?v=1725811963 1392w, https:\/\/periodicolarepublica.com\/wp-content\/uploads\/2024\/09\/IMG-20240908-WA0013-1068x712.jpg?v=1725811963 1068w, https:\/\/periodicolarepublica.com\/wp-content\/uploads\/2024\/09\/IMG-20240908-WA0013.jpg?v=1725811963 1600w\" sizes=\"auto, (max-width: 300px) 100vw, 300px\" \/><\/p>\n<p>Santo Domingo, DN \u2013 La Direcci\u00f3n de Defensor\u00eda y Uso de Espacios P\u00fablicos de la Alcald\u00eda del Distrito Nacional llev\u00f3 a cabo un operativo en el que retir\u00f3 veh\u00edculos en condici\u00f3n de chatarras y elimin\u00f3 comercios que obstru\u00edan el paso de los peatones en Manganagua.<\/p>\n<p>El director de Espacios P\u00fablicos del ayuntamiento, teniente coronel Jos\u00e9 An\u00edbal Sanz, puntualiz\u00f3 que la intervenci\u00f3n se extendi\u00f3 por las calles Guacanagar\u00edx, Santa Luc\u00eda y Teodoro Chass\u00e9riau del citado sector capitale\u00f1o.<\/p>\n<p>\u201cLa intervenci\u00f3n no solo busca recuperar los espacios p\u00fablicos, sino tambi\u00e9n garantizar una ciudad m\u00e1s segura, limpia y organizada, mejorando la calidad de vida de todos los mun\u00edcipes\u201d, precis\u00f3 Sanz.<\/p>\n<p>El operativo forma parte de los esfuerzos que impulsa la alcaldesa Carolina Mej\u00eda para mantener el orden y la seguridad en los distintos sectores, devolviendo espacios de bienestar para los capitale\u00f1os.<\/p>\n<p>\u201cLa recuperaci\u00f3n de nuestros espacios p\u00fablicos es fundamental para el desarrollo y bienestar de nuestra comunidad\u201d, reiter\u00f3 la ejecutiva municipal.<\/p>\n<p>El operativo se suma a otras iniciativas en las que la Direcci\u00f3n de Defensor\u00eda de Espacios P\u00fablicos recuper\u00f3 varios puntos en los sectores Villa Consuelo, Ensanche La Paz, Honduras y las avenidas Jos\u00e9 Mart\u00ed y 27 de Febrero. Estas acciones refuerzan el enfoque de seguridad y convivencia que gu\u00eda la gesti\u00f3n que encabeza Carolina Mej\u00eda.<\/p>\n","protected":false},"excerpt":{"rendered":"<p>Se eliminaron ocupaciones de las aceras y chatarras que obstaculizaban el tr\u00e1nsito Santo Domingo, DN \u2013 La Direcci\u00f3n de Defensor\u00eda y Uso de Espacios P\u00fablicos de la Alcald\u00eda del Distrito Nacional llev\u00f3 a cabo un operativo en el que retir\u00f3 veh\u00edculos en condici\u00f3n de chatarras y elimin\u00f3 comercios que obstru\u00edan el paso de los peatones [&hellip;]<\/p>\n","protected":false},"author":6,"featured_media":1639,"comment_status":"open","ping_status":"open","sticky":false,"template":"","format":"standard","meta":{"om_disable_all_campaigns":false,"_monsterinsights_skip_tracking":false,"_monsterinsights_sitenote_active":false,"_monsterinsights_sitenote_note":"","_monsterinsights_sitenote_category":0,"footnotes":""},"categories":[1],"tags":[],"class_list":{"0":"post-1638","1":"post","2":"type-post","3":"status-publish","4":"format-standard","5":"has-post-thumbnail","7":"category-nacionales"},"aioseo_notices":[],"_links":{"self":[{"href":"https:\/\/periodicolarepublica.com\/index.php\/wp-json\/wp\/v2\/posts\/1638","targetHints":{"allow":["GET"]}}],"collection":[{"href":"https:\/\/periodicolarepublica.com\/index.php\/wp-json\/wp\/v2\/posts"}],"about":[{"href":"https:\/\/periodicolarepublica.com\/index.php\/wp-json\/wp\/v2\/types\/post"}],"author":[{"embeddable":true,"href":"https:\/\/periodicolarepublica.com\/index.php\/wp-json\/wp\/v2\/users\/6"}],"replies":[{"embeddable":true,"href":"https:\/\/periodicolarepublica.com\/index.php\/wp-json\/wp\/v2\/comments?post=1638"}],"version-history":[{"count":1,"href":"https:\/\/periodicolarepublica.com\/index.php\/wp-json\/wp\/v2\/posts\/1638\/revisions"}],"predecessor-version":[{"id":1640,"href":"https:\/\/periodicolarepublica.com\/index.php\/wp-json\/wp\/v2\/posts\/1638\/revisions\/1640"}],"wp:featuredmedia":[{"embeddable":true,"href":"https:\/\/periodicolarepublica.com\/index.php\/wp-json\/wp\/v2\/media\/1639"}],"wp:attachment":[{"href":"https:\/\/periodicolarepublica.com\/index.php\/wp-json\/wp\/v2\/media?parent=1638"}],"wp:term":[{"taxonomy":"category","embeddable":true,"href":"https:\/\/periodicolarepublica.com\/index.php\/wp-json\/wp\/v2\/categories?post=1638"},{"taxonomy":"post_tag","embeddable":true,"href":"https:\/\/periodicolarepublica.com\/index.php\/wp-json\/wp\/v2\/tags?post=1638"}],"curies":[{"name":"wp","href":"https:\/\/api.w.org\/{rel}","templated":true}]}}