{"id":1641,"date":"2024-09-08T19:35:54","date_gmt":"2024-09-08T17:35:54","guid":{"rendered":"https:\/\/periodicolarepublica.com\/?p=1641"},"modified":"2024-09-08T19:35:54","modified_gmt":"2024-09-08T17:35:54","slug":"banreservas-sigue-con-exito-bancarizar-es-patria-en-san-carlos","status":"publish","type":"post","link":"https:\/\/periodicolarepublica.com\/index.php\/2024\/09\/08\/banreservas-sigue-con-exito-bancarizar-es-patria-en-san-carlos\/","title":{"rendered":"BANRESERVAS sigue con \u00e9xito bancarizar es patria, en San Carlos"},"content":{"rendered":"<p>El Banco de Reservas realiz\u00f3 ayer en el sector San Carlos su sexta jornada \u00abBancarizar es Patria\u00bb, una actividad masiva que procura se un referente y modelo regional en temas de inclusi\u00f3n financiera.<\/p>\n<p><img loading=\"lazy\" decoding=\"async\" class=\"alignnone size-medium wp-image-1642\" src=\"https:\/\/periodicolarepublica.com\/wp-content\/uploads\/2024\/09\/IMG_20240908_132548-300x188.jpg\" alt=\"\" width=\"300\" height=\"188\" srcset=\"https:\/\/periodicolarepublica.com\/wp-content\/uploads\/2024\/09\/IMG_20240908_132548-300x188.jpg?v=1725816856 300w, https:\/\/periodicolarepublica.com\/wp-content\/uploads\/2024\/09\/IMG_20240908_132548-1024x642.jpg?v=1725816856 1024w, https:\/\/periodicolarepublica.com\/wp-content\/uploads\/2024\/09\/IMG_20240908_132548-768x482.jpg?v=1725816856 768w, https:\/\/periodicolarepublica.com\/wp-content\/uploads\/2024\/09\/IMG_20240908_132548-150x94.jpg?v=1725816856 150w, https:\/\/periodicolarepublica.com\/wp-content\/uploads\/2024\/09\/IMG_20240908_132548-600x376.jpg?v=1725816856 600w, https:\/\/periodicolarepublica.com\/wp-content\/uploads\/2024\/09\/IMG_20240908_132548-696x437.jpg?v=1725816856 696w, https:\/\/periodicolarepublica.com\/wp-content\/uploads\/2024\/09\/IMG_20240908_132548.jpg?v=1725816856 1057w\" sizes=\"auto, (max-width: 300px) 100vw, 300px\" \/><\/p>\n<p>Seg\u00fan una nota de prensa, la sexta jornada congreg\u00f3 a m\u00e1s de 1,000 personas de San Carlos y sectores aleda\u00f1os, interesadas en acceder a productos y servicios financieros. Entre los productos preferidos estuvieron las cuentas de ahorro y corrientes.<\/p>\n<p>Samuel Pereyra, presidente ejecutivo de la entidad bancaria, destac\u00f3 que la idea es que todos tengan la posibilidad de desarrollar una cultura financiera responsable, que permita planificar el futuro personal y familiar, y que eso, a su vez, \u00absirva para fortalecer el bienestar del pa\u00eds\u00bb.<\/p>\n","protected":false},"excerpt":{"rendered":"<p>El Banco de Reservas realiz\u00f3 ayer en el sector San Carlos su sexta jornada \u00abBancarizar es Patria\u00bb, una actividad masiva que procura se un referente y modelo regional en temas de inclusi\u00f3n financiera. Seg\u00fan una nota de prensa, la sexta jornada congreg\u00f3 a m\u00e1s de 1,000 personas de San Carlos y sectores aleda\u00f1os, interesadas en [&hellip;]<\/p>\n","protected":false},"author":6,"featured_media":1642,"comment_status":"open","ping_status":"open","sticky":false,"template":"","format":"standard","meta":{"om_disable_all_campaigns":false,"_monsterinsights_skip_tracking":false,"_monsterinsights_sitenote_active":false,"_monsterinsights_sitenote_note":"","_monsterinsights_sitenote_category":0,"footnotes":""},"categories":[1],"tags":[308],"class_list":{"0":"post-1641","1":"post","2":"type-post","3":"status-publish","4":"format-standard","5":"has-post-thumbnail","7":"category-nacionales","8":"tag-banreservas-com"},"aioseo_notices":[],"_links":{"self":[{"href":"https:\/\/periodicolarepublica.com\/index.php\/wp-json\/wp\/v2\/posts\/1641","targetHints":{"allow":["GET"]}}],"collection":[{"href":"https:\/\/periodicolarepublica.com\/index.php\/wp-json\/wp\/v2\/posts"}],"about":[{"href":"https:\/\/periodicolarepublica.com\/index.php\/wp-json\/wp\/v2\/types\/post"}],"author":[{"embeddable":true,"href":"https:\/\/periodicolarepublica.com\/index.php\/wp-json\/wp\/v2\/users\/6"}],"replies":[{"embeddable":true,"href":"https:\/\/periodicolarepublica.com\/index.php\/wp-json\/wp\/v2\/comments?post=1641"}],"version-history":[{"count":1,"href":"https:\/\/periodicolarepublica.com\/index.php\/wp-json\/wp\/v2\/posts\/1641\/revisions"}],"predecessor-version":[{"id":1643,"href":"https:\/\/periodicolarepublica.com\/index.php\/wp-json\/wp\/v2\/posts\/1641\/revisions\/1643"}],"wp:featuredmedia":[{"embeddable":true,"href":"https:\/\/periodicolarepublica.com\/index.php\/wp-json\/wp\/v2\/media\/1642"}],"wp:attachment":[{"href":"https:\/\/periodicolarepublica.com\/index.php\/wp-json\/wp\/v2\/media?parent=1641"}],"wp:term":[{"taxonomy":"category","embeddable":true,"href":"https:\/\/periodicolarepublica.com\/index.php\/wp-json\/wp\/v2\/categories?post=1641"},{"taxonomy":"post_tag","embeddable":true,"href":"https:\/\/periodicolarepublica.com\/index.php\/wp-json\/wp\/v2\/tags?post=1641"}],"curies":[{"name":"wp","href":"https:\/\/api.w.org\/{rel}","templated":true}]}}