{"id":1669,"date":"2024-09-12T22:26:20","date_gmt":"2024-09-12T20:26:20","guid":{"rendered":"https:\/\/periodicolarepublica.com\/?p=1669"},"modified":"2024-09-12T22:26:20","modified_gmt":"2024-09-12T20:26:20","slug":"ministerio-de-salud-indica-no-hay-casos-confirmados-de-viruela-simica-se-mantiene-estricta-vigilancia","status":"publish","type":"post","link":"https:\/\/periodicolarepublica.com\/index.php\/2024\/09\/12\/ministerio-de-salud-indica-no-hay-casos-confirmados-de-viruela-simica-se-mantiene-estricta-vigilancia\/","title":{"rendered":"Ministerio de Salud indica no hay casos confirmados de \u201cviruela s\u00edmica\u201d; se mantiene estricta vigilancia"},"content":{"rendered":"\r\n<p><img loading=\"lazy\" decoding=\"async\" class=\"size-medium wp-image-1580 alignright\" src=\"https:\/\/periodicolarepublica.com\/wp-content\/uploads\/2024\/08\/IMG-20240828-WA0019-300x200.jpg\" alt=\"\" width=\"300\" height=\"200\" srcset=\"https:\/\/periodicolarepublica.com\/wp-content\/uploads\/2024\/08\/IMG-20240828-WA0019-300x200.jpg?v=1724860798 300w, https:\/\/periodicolarepublica.com\/wp-content\/uploads\/2024\/08\/IMG-20240828-WA0019-1024x682.jpg?v=1724860798 1024w, https:\/\/periodicolarepublica.com\/wp-content\/uploads\/2024\/08\/IMG-20240828-WA0019-768x512.jpg?v=1724860798 768w, https:\/\/periodicolarepublica.com\/wp-content\/uploads\/2024\/08\/IMG-20240828-WA0019-1536x1023.jpg?v=1724860798 1536w, https:\/\/periodicolarepublica.com\/wp-content\/uploads\/2024\/08\/IMG-20240828-WA0019-150x100.jpg?v=1724860798 150w, https:\/\/periodicolarepublica.com\/wp-content\/uploads\/2024\/08\/IMG-20240828-WA0019-600x400.jpg?v=1724860798 600w, https:\/\/periodicolarepublica.com\/wp-content\/uploads\/2024\/08\/IMG-20240828-WA0019-696x464.jpg?v=1724860798 696w, https:\/\/periodicolarepublica.com\/wp-content\/uploads\/2024\/08\/IMG-20240828-WA0019-1392x927.jpg?v=1724860798 1392w, https:\/\/periodicolarepublica.com\/wp-content\/uploads\/2024\/08\/IMG-20240828-WA0019-1068x712.jpg?v=1724860798 1068w, https:\/\/periodicolarepublica.com\/wp-content\/uploads\/2024\/08\/IMG-20240828-WA0019.jpg?v=1724860798 1600w\" sizes=\"auto, (max-width: 300px) 100vw, 300px\" \/>Tampoco se registran casos de dengue en la Semana Epidemiol\u00f3gica 35.<br \/><br \/>Santo Domingo. El ministro de Salud, V\u00edctor Atallah manifest\u00f3 que en el pa\u00eds no se han registrado nuevos casos de la viruela s\u00edmica, tal y como est\u00e1 establecido en el Bolet\u00edn Epidemiol\u00f3gico Semanal, acentuando que el \u00faltimo caso registrado fue en abril de 2024 y que, al momento, no se ha detectado evidencia de circulaci\u00f3n comunitaria del virus.<br \/><br \/>No obstante, en respuesta a la reciente declaraci\u00f3n de emergencia por parte de la OMS\/OPS, el titular de Salud dijo que se ha intensificado la vigilancia epidemiol\u00f3gica para detectar posibles casos y proporcionar el tratamiento y seguimiento adecuados.<br \/><br \/>Indic\u00f3 que, para ello, se cuenta con un personal altamente calificado que cumple con los protocolos detallados para la identificaci\u00f3n y manejo de la enfermedad, de acuerdo con las directrices del Ministerio de Salud. <br \/><br \/>Asimismo, \u201chemos recomendado a los profesionales de salud mantener una alta sospecha cl\u00ednica y reportar inmediatamente cualquier padecimiento que tenga caracter\u00edsticas similares a la enfermedad a fin de asegurar una r\u00e1pida respuesta y control de la enfermedad\u201d se\u00f1al\u00f3 el titular de salud en las palabras centrales del bolet\u00edn correspondiente a la Semana Epidemiol\u00f3gica 35.<br \/><br \/>La instituci\u00f3n resalta que los responsables de Direcciones Provinciales y de \u00c1reas de Salud, han acudido a las diferentes zonas donde se ha denunciado casos sospechosos de \u201cviruela del mono\u201d y le dan el seguimiento necesario, pero ninguno de estos casos reportados ha dado positivos la enfermedad, sino a otras afecciones de la piel algunas por consecuencia del hacinamiento y otras condiciones medioambientales. <br \/><br \/>*Dengue*<br \/><br \/>A la SE-35 no se registraron casos confirmados de dengue a nivel nacional, lo que indica que la enfardad est\u00e1 controlada.<br \/><br \/>Durante este periodo, se reportaron 68 casos sospechosos, pero ninguno result\u00f3 positivo. Seg\u00fan la distribuci\u00f3n geogr\u00e1fica de los casos sospechosos, las provincias de Santiago con 1,852, Santo Domingo (1,150) y Duarte con (722) son las que concentran una mayor cantidad de casos sospechosos de dengue, el 53% de 9, 239 en lo que va de a\u00f1o. Siendo el sexo masculino en edades de 10 a 19 a\u00f1os los m\u00e1s afectados.<br \/><br \/>El 19% (13 casos) son en la provincia de Barahona, 15% (10 casos) en Duarte y 13.2% (9 casos) en Hermanas Mirabal. La tasa de incidencia de los casos sospechosos es de 128.61 por cada 100,000 habitantes.<br \/><br \/>El Ministerio de Salud contin\u00faa incrementado en todo el pa\u00eds las acciones de respuesta contra el dengue mediante acciones estrat\u00e9gicas que incluyen fumigaci\u00f3n en zonas con alta incidencia de casos y campa\u00f1as de concienciaci\u00f3n p\u00fablica para orientar a la poblaci\u00f3n a integrarse en lo que es la eliminaci\u00f3n de criaderos de mosquitos y mantener esas medidas de manera permanente.<br \/><br \/>*Disminuyen muertes infantiles.*<br \/><br \/>Con relaci\u00f3n a la mortalidad infantil, la entidad inform\u00f3 que en la semana epidemiol\u00f3gica (SE-35) las muertes infantiles disminuyeron de 63 a 29 en comparaci\u00f3n con igual per\u00edodo del a\u00f1o 2023.<br \/><br \/>De acuerdo al bolet\u00edn de este jueves, el acumulado de (MI), en este a\u00f1o es 1,375, registr\u00e1ndose una disminuci\u00f3n en comparaci\u00f3n a la semana epidemiol\u00f3gica 35 del a\u00f1o 2023, que registr\u00f3 un total de 2, 043.<br \/><br \/>Las muertes neonatales representan el 79.4% (1,092) de las muertes infantiles. Mientras de muertes maternas se han reportado 102 en lo que va de a\u00f1o, siendo menor la cantidad en 132, en relaci\u00f3n a igual periodo del 2023.<\/p>\r\n","protected":false},"excerpt":{"rendered":"<p>Tampoco se registran casos de dengue en la Semana Epidemiol\u00f3gica 35. Santo Domingo. El ministro de Salud, V\u00edctor Atallah manifest\u00f3 que en el pa\u00eds no se han registrado nuevos casos de la viruela s\u00edmica, tal y como est\u00e1 establecido en el Bolet\u00edn Epidemiol\u00f3gico Semanal, acentuando que el \u00faltimo caso registrado fue en abril de 2024 [&hellip;]<\/p>\n","protected":false},"author":6,"featured_media":1580,"comment_status":"open","ping_status":"open","sticky":false,"template":"","format":"standard","meta":{"om_disable_all_campaigns":false,"_monsterinsights_skip_tracking":false,"_monsterinsights_sitenote_active":false,"_monsterinsights_sitenote_note":"","_monsterinsights_sitenote_category":0,"footnotes":""},"categories":[1],"tags":[175,161],"class_list":{"0":"post-1669","1":"post","2":"type-post","3":"status-publish","4":"format-standard","5":"has-post-thumbnail","7":"category-nacionales","8":"tag-ministro-de-salud-publica","9":"tag-victor-atallah"},"aioseo_notices":[],"_links":{"self":[{"href":"https:\/\/periodicolarepublica.com\/index.php\/wp-json\/wp\/v2\/posts\/1669","targetHints":{"allow":["GET"]}}],"collection":[{"href":"https:\/\/periodicolarepublica.com\/index.php\/wp-json\/wp\/v2\/posts"}],"about":[{"href":"https:\/\/periodicolarepublica.com\/index.php\/wp-json\/wp\/v2\/types\/post"}],"author":[{"embeddable":true,"href":"https:\/\/periodicolarepublica.com\/index.php\/wp-json\/wp\/v2\/users\/6"}],"replies":[{"embeddable":true,"href":"https:\/\/periodicolarepublica.com\/index.php\/wp-json\/wp\/v2\/comments?post=1669"}],"version-history":[{"count":2,"href":"https:\/\/periodicolarepublica.com\/index.php\/wp-json\/wp\/v2\/posts\/1669\/revisions"}],"predecessor-version":[{"id":1681,"href":"https:\/\/periodicolarepublica.com\/index.php\/wp-json\/wp\/v2\/posts\/1669\/revisions\/1681"}],"wp:featuredmedia":[{"embeddable":true,"href":"https:\/\/periodicolarepublica.com\/index.php\/wp-json\/wp\/v2\/media\/1580"}],"wp:attachment":[{"href":"https:\/\/periodicolarepublica.com\/index.php\/wp-json\/wp\/v2\/media?parent=1669"}],"wp:term":[{"taxonomy":"category","embeddable":true,"href":"https:\/\/periodicolarepublica.com\/index.php\/wp-json\/wp\/v2\/categories?post=1669"},{"taxonomy":"post_tag","embeddable":true,"href":"https:\/\/periodicolarepublica.com\/index.php\/wp-json\/wp\/v2\/tags?post=1669"}],"curies":[{"name":"wp","href":"https:\/\/api.w.org\/{rel}","templated":true}]}}