{"id":1673,"date":"2024-09-12T15:41:00","date_gmt":"2024-09-12T13:41:00","guid":{"rendered":"https:\/\/periodicolarepublica.com\/?p=1673"},"modified":"2024-09-12T15:41:00","modified_gmt":"2024-09-12T13:41:00","slug":"carmen-ligia-barcelo-un-pilar-en-la-nueva-legislatura-con-4-designaciones-importantes","status":"publish","type":"post","link":"https:\/\/periodicolarepublica.com\/index.php\/2024\/09\/12\/carmen-ligia-barcelo-un-pilar-en-la-nueva-legislatura-con-4-designaciones-importantes\/","title":{"rendered":"Carmen Ligia Barcel\u00f3, un pilar en la nueva legislatura con 4 designaciones importantes"},"content":{"rendered":"<p>La diputada Carmen Ligia Barcel\u00f3, representante de la provincia de Hato Mayor, ha sido designada en cuatro comisiones clave de la C\u00e1mara de Diputados en su primer per\u00edodo legislativo. Su inclusi\u00f3n en las comisiones de Hacienda, Presidencia, Turismo y Trabajo marca un hito en su carrera pol\u00edtica y promete un impacto significativo en la agenda legislativa de su provincia y el pa\u00eds.<\/p>\n<p><img loading=\"lazy\" decoding=\"async\" class=\"alignnone size-medium wp-image-1674\" src=\"https:\/\/periodicolarepublica.com\/wp-content\/uploads\/2024\/09\/IMG_20240912_092529-300x218.jpg\" alt=\"\" width=\"300\" height=\"218\" \/><\/p>\n<p>Con una s\u00f3lida trayectoria en el \u00e1mbito empresarial, social, comunitario y el sector tur\u00edstico, Barcel\u00f3 ha llegado al Congreso con la intenci\u00f3n de representar las voces de sus electores y abogar por pol\u00edticas que mejoren la calidad de vida en Hato Mayor.<\/p>\n<p>Su nombramiento en la comisi\u00f3n de Hacienda es particularmente relevante, dado que la gesti\u00f3n de recursos y la fiscalizaci\u00f3n del presupuesto estatal son fundamentales para el desarrollo local.<\/p>\n<p>Adem\u00e1s, su inclusi\u00f3n en la comisi\u00f3n de Presidencia le otorga una perspectiva privilegiada sobre los proyectos de ley que buscan transformar el pa\u00eds, lo que le permitir\u00e1 influir en decisiones cruciales para el bienestar de los ciudadanos.<\/p>\n<p>El turismo, uno de los pilares de la econom\u00eda dominicana, tambi\u00e9n estar\u00e1 bajo su vigilancia en la comisi\u00f3n correspondiente. Barcel\u00f3 ha sido una ferviente defensora del potencial tur\u00edstico de Hato Mayor, una provincia rica en cultura y belleza natural, por lo tanto se espera que siga posicion\u00e1ndose como un destino atractivo tanto para nacionales como para extranjeros, fomentando as\u00ed el desarrollo econ\u00f3mico y la creaci\u00f3n de empleo en su regi\u00f3n.<\/p>\n<p>Finalmente, su papel en la comisi\u00f3n de Trabajo se espera que se promuevan pol\u00edticas que dignifiquen al trabajador dominicano.<\/p>\n<p>Carmen Ligia Barcel\u00f3 es vista como una figura emergente en la pol\u00edtica dominicana, y su designaci\u00f3n en estas comisiones clave la posiciona como una legisladora proactiva y comprometida con su comunidad. Se prev\u00e9 que su gesti\u00f3n en la C\u00e1mara de Diputados no solo impacte Hato Mayor, sino que tambi\u00e9n inspire a nuevas generaciones de l\u00edderes a participar en la vida p\u00fablica del pa\u00eds.<\/p>\n<p>A medida que avanza su primer per\u00edodo en el Congreso, los habitantes de Hato Mayor seguir\u00e1n de cerca sus iniciativas y su capacidad para transformar promesas en realidades.<\/p>\n","protected":false},"excerpt":{"rendered":"<p>La diputada Carmen Ligia Barcel\u00f3, representante de la provincia de Hato Mayor, ha sido designada en cuatro comisiones clave de la C\u00e1mara de Diputados en su primer per\u00edodo legislativo. Su inclusi\u00f3n en las comisiones de Hacienda, Presidencia, Turismo y Trabajo marca un hito en su carrera pol\u00edtica y promete un impacto significativo en la agenda [&hellip;]<\/p>\n","protected":false},"author":1,"featured_media":0,"comment_status":"open","ping_status":"open","sticky":false,"template":"","format":"standard","meta":{"om_disable_all_campaigns":false,"_monsterinsights_skip_tracking":false,"_monsterinsights_sitenote_active":false,"_monsterinsights_sitenote_note":"","_monsterinsights_sitenote_category":0,"footnotes":""},"categories":[1],"tags":[309],"class_list":{"0":"post-1673","1":"post","2":"type-post","3":"status-publish","4":"format-standard","6":"category-nacionales","7":"tag-carmen-ligia-barcelo"},"aioseo_notices":[],"_links":{"self":[{"href":"https:\/\/periodicolarepublica.com\/index.php\/wp-json\/wp\/v2\/posts\/1673","targetHints":{"allow":["GET"]}}],"collection":[{"href":"https:\/\/periodicolarepublica.com\/index.php\/wp-json\/wp\/v2\/posts"}],"about":[{"href":"https:\/\/periodicolarepublica.com\/index.php\/wp-json\/wp\/v2\/types\/post"}],"author":[{"embeddable":true,"href":"https:\/\/periodicolarepublica.com\/index.php\/wp-json\/wp\/v2\/users\/1"}],"replies":[{"embeddable":true,"href":"https:\/\/periodicolarepublica.com\/index.php\/wp-json\/wp\/v2\/comments?post=1673"}],"version-history":[{"count":1,"href":"https:\/\/periodicolarepublica.com\/index.php\/wp-json\/wp\/v2\/posts\/1673\/revisions"}],"predecessor-version":[{"id":1675,"href":"https:\/\/periodicolarepublica.com\/index.php\/wp-json\/wp\/v2\/posts\/1673\/revisions\/1675"}],"wp:attachment":[{"href":"https:\/\/periodicolarepublica.com\/index.php\/wp-json\/wp\/v2\/media?parent=1673"}],"wp:term":[{"taxonomy":"category","embeddable":true,"href":"https:\/\/periodicolarepublica.com\/index.php\/wp-json\/wp\/v2\/categories?post=1673"},{"taxonomy":"post_tag","embeddable":true,"href":"https:\/\/periodicolarepublica.com\/index.php\/wp-json\/wp\/v2\/tags?post=1673"}],"curies":[{"name":"wp","href":"https:\/\/api.w.org\/{rel}","templated":true}]}}