{"id":1680,"date":"2024-09-18T19:43:54","date_gmt":"2024-09-18T17:43:54","guid":{"rendered":"https:\/\/periodicolarepublica.com\/?p=1680"},"modified":"2024-09-18T19:43:54","modified_gmt":"2024-09-18T17:43:54","slug":"msp-y-sns-acuerdan-mejorar-gestion-y-cumplimiento-de-responsabilidades-conjuntas","status":"publish","type":"post","link":"https:\/\/periodicolarepublica.com\/index.php\/2024\/09\/18\/msp-y-sns-acuerdan-mejorar-gestion-y-cumplimiento-de-responsabilidades-conjuntas\/","title":{"rendered":"MSP y SNS acuerdan mejorar gesti\u00f3n y cumplimiento de responsabilidades conjuntas"},"content":{"rendered":"\r\n<p><img loading=\"lazy\" decoding=\"async\" class=\"size-medium wp-image-1709 alignright\" src=\"https:\/\/periodicolarepublica.com\/wp-content\/uploads\/2024\/09\/IMG-20240918-WA0100-300x200.jpg\" alt=\"\" width=\"300\" height=\"200\" srcset=\"https:\/\/periodicolarepublica.com\/wp-content\/uploads\/2024\/09\/IMG-20240918-WA0100-300x200.jpg?v=1726681409 300w, https:\/\/periodicolarepublica.com\/wp-content\/uploads\/2024\/09\/IMG-20240918-WA0100-1024x682.jpg?v=1726681409 1024w, https:\/\/periodicolarepublica.com\/wp-content\/uploads\/2024\/09\/IMG-20240918-WA0100-768x512.jpg?v=1726681409 768w, https:\/\/periodicolarepublica.com\/wp-content\/uploads\/2024\/09\/IMG-20240918-WA0100-1536x1023.jpg?v=1726681409 1536w, https:\/\/periodicolarepublica.com\/wp-content\/uploads\/2024\/09\/IMG-20240918-WA0100-150x100.jpg?v=1726681409 150w, https:\/\/periodicolarepublica.com\/wp-content\/uploads\/2024\/09\/IMG-20240918-WA0100-600x400.jpg?v=1726681409 600w, https:\/\/periodicolarepublica.com\/wp-content\/uploads\/2024\/09\/IMG-20240918-WA0100-696x464.jpg?v=1726681409 696w, https:\/\/periodicolarepublica.com\/wp-content\/uploads\/2024\/09\/IMG-20240918-WA0100-1392x927.jpg?v=1726681409 1392w, https:\/\/periodicolarepublica.com\/wp-content\/uploads\/2024\/09\/IMG-20240918-WA0100-1068x712.jpg?v=1726681409 1068w, https:\/\/periodicolarepublica.com\/wp-content\/uploads\/2024\/09\/IMG-20240918-WA0100.jpg?v=1726681409 1600w\" sizes=\"auto, (max-width: 300px) 100vw, 300px\" \/>Santo Domingo. \u2013 El Ministerio de Salud P\u00fablica y Asistencia Social (MISPAS) y el Servicio Nacional de Salud (SNS) firmaron un acuerdo con el fin de establecer mecanismos de gesti\u00f3n que aseguren el cumplimiento de sus respectivas responsabilidades. <br \/><br \/>Este convenio busca optimizar la coordinaci\u00f3n entre ambas entidades, alineando los roles del MISPAS como \u00f3rgano rector del Sistema Nacional de Salud y del SNS como proveedor de servicios p\u00fablicos de salud.<br \/><br \/>El acuerdo tiene como objetivo principal garantizar una gesti\u00f3n institucional eficiente y transparente, promoviendo la rendici\u00f3n de cuentas y el logro de metas claras en cuanto a resultados de salud y producci\u00f3n de servicios. <br \/><br \/>Adem\u00e1s, establece procesos que permitan definir con precisi\u00f3n la poblaci\u00f3n objetivo para los servicios, asegurando que las acciones est\u00e9n alineadas con las prioridades del sistema de salud dominicano.<br \/><br \/>El ministro de Salud, V\u00edctor Atallah y el director del SNS, doctor Mario Lama, firmaron el documento y reafirmaron su compromiso de cumplir con los t\u00e9rminos acordados. <br \/><br \/>Atallah destac\u00f3 que este acuerdo es m\u00e1s que un documento, ya que representa una visi\u00f3n compartida de garantizar servicios de calidad para toda la poblaci\u00f3n. Asimismo, subray\u00f3 la importancia de la cooperaci\u00f3n y transparencia entre las instituciones involucradas.<br \/><br \/>\u00abReafirmamos nuestra intenci\u00f3n de fomentar un ambiente de cooperaci\u00f3n, transparencia y responsabilidad. Cada uno de nosotros tiene un papel fundamental en este proceso y estamos convencidos de que unidos, podremos superar los desaf\u00edos que se nos presenten y, adem\u00e1s, aprovechar las oportunidades\u00bb, sostuvo Atallah.<br \/><br \/>En tanto, Mario Lama, agradeci\u00f3 y resalt\u00f3 la labor realizada por el titular de Salud para que este acuerdo, que busca seguir fortaleciendo las instituciones de salud, fuera materializado.<br \/><br \/>Particularidades del convenio<br \/><br \/>Entre los puntos m\u00e1s relevantes del convenio se encuentran la asignaci\u00f3n eficiente de recursos p\u00fablicos y la implementaci\u00f3n de un modelo de atenci\u00f3n de salud enfocado en mejorar el Primer Nivel de Atenci\u00f3n, con especial \u00e9nfasis en la prevenci\u00f3n y vigilancia.<br \/><br \/>Tambi\u00e9n, busca reducir las brechas de desigualdad en el acceso a los servicios de salud, especialmente para personas con necesidades especiales.<br \/><br \/>El convenio establece ocho dimensiones estrat\u00e9gicas, que incluyen la implementaci\u00f3n de pol\u00edticas de salud, sistemas de informaci\u00f3n, sostenibilidad financiera y desarrollo de recursos humanos, entre otras. Cada una de estas dimensiones contar\u00e1 con indicadores y metas que ser\u00e1n monitoreados de forma peri\u00f3dica para asegurar el cumplimiento de los compromisos asumidos.<br \/><br \/>Finalmente, se acord\u00f3 que el convenio tendr\u00e1 vigencia hasta el a\u00f1o 2030, con revisiones anuales que permitan realizar ajustes conforme a la evoluci\u00f3n del sistema de salud y las necesidades de la poblaci\u00f3n.<\/p>\r\n","protected":false},"excerpt":{"rendered":"<p>Santo Domingo. \u2013 El Ministerio de Salud P\u00fablica y Asistencia Social (MISPAS) y el Servicio Nacional de Salud (SNS) firmaron un acuerdo con el fin de establecer mecanismos de gesti\u00f3n que aseguren el cumplimiento de sus respectivas responsabilidades. Este convenio busca optimizar la coordinaci\u00f3n entre ambas entidades, alineando los roles del MISPAS como \u00f3rgano rector [&hellip;]<\/p>\n","protected":false},"author":6,"featured_media":1709,"comment_status":"open","ping_status":"open","sticky":false,"template":"","format":"standard","meta":{"om_disable_all_campaigns":false,"_monsterinsights_skip_tracking":false,"_monsterinsights_sitenote_active":false,"_monsterinsights_sitenote_note":"","_monsterinsights_sitenote_category":0,"footnotes":""},"categories":[1],"tags":[307,277],"class_list":{"0":"post-1680","1":"post","2":"type-post","3":"status-publish","4":"format-standard","5":"has-post-thumbnail","7":"category-nacionales","8":"tag-ministerio-de-salud-publica","9":"tag-sns"},"aioseo_notices":[],"_links":{"self":[{"href":"https:\/\/periodicolarepublica.com\/index.php\/wp-json\/wp\/v2\/posts\/1680","targetHints":{"allow":["GET"]}}],"collection":[{"href":"https:\/\/periodicolarepublica.com\/index.php\/wp-json\/wp\/v2\/posts"}],"about":[{"href":"https:\/\/periodicolarepublica.com\/index.php\/wp-json\/wp\/v2\/types\/post"}],"author":[{"embeddable":true,"href":"https:\/\/periodicolarepublica.com\/index.php\/wp-json\/wp\/v2\/users\/6"}],"replies":[{"embeddable":true,"href":"https:\/\/periodicolarepublica.com\/index.php\/wp-json\/wp\/v2\/comments?post=1680"}],"version-history":[{"count":2,"href":"https:\/\/periodicolarepublica.com\/index.php\/wp-json\/wp\/v2\/posts\/1680\/revisions"}],"predecessor-version":[{"id":1710,"href":"https:\/\/periodicolarepublica.com\/index.php\/wp-json\/wp\/v2\/posts\/1680\/revisions\/1710"}],"wp:featuredmedia":[{"embeddable":true,"href":"https:\/\/periodicolarepublica.com\/index.php\/wp-json\/wp\/v2\/media\/1709"}],"wp:attachment":[{"href":"https:\/\/periodicolarepublica.com\/index.php\/wp-json\/wp\/v2\/media?parent=1680"}],"wp:term":[{"taxonomy":"category","embeddable":true,"href":"https:\/\/periodicolarepublica.com\/index.php\/wp-json\/wp\/v2\/categories?post=1680"},{"taxonomy":"post_tag","embeddable":true,"href":"https:\/\/periodicolarepublica.com\/index.php\/wp-json\/wp\/v2\/tags?post=1680"}],"curies":[{"name":"wp","href":"https:\/\/api.w.org\/{rel}","templated":true}]}}