{"id":1683,"date":"2024-09-05T00:48:26","date_gmt":"2024-09-04T22:48:26","guid":{"rendered":"https:\/\/periodicolarepublica.com\/?p=1683"},"modified":"2024-09-13T00:54:01","modified_gmt":"2024-09-12T22:54:01","slug":"comiccon-2024-republica-dominicana","status":"publish","type":"post","link":"https:\/\/periodicolarepublica.com\/index.php\/2024\/09\/05\/comiccon-2024-republica-dominicana\/","title":{"rendered":"ComicCon 2024 Rep\u00fablica Dominicana"},"content":{"rendered":"<p>Comic Con Rep\u00fablica Dominicana celebra su primera edici\u00f3n en Santo Domingo, en el Centro de Convenciones de Sans Souci.<\/p>\n<p><img loading=\"lazy\" decoding=\"async\" class=\"alignnone size-medium wp-image-1685\" src=\"https:\/\/periodicolarepublica.com\/wp-content\/uploads\/2024\/09\/IMG_20240912_183341-300x190.jpg\" alt=\"\" width=\"300\" height=\"190\" \/><\/p>\n<p>Este moderno centro se encuentra en una excelente ubicaci\u00f3n, a pocos minutos del coraz\u00f3n de la ciudad y con f\u00e1cil acceso desde las principales v\u00edas de la capital.<\/p>\n<p>Llegar al evento es sencillo y conveniente, asegurando que tu experiencia en Comic Con Rep\u00fablica Dominicana sea inolvidable desde el momento en que llegas.<\/p>\n","protected":false},"excerpt":{"rendered":"<p>Comic Con Rep\u00fablica Dominicana celebra su primera edici\u00f3n en Santo Domingo, en el Centro de Convenciones de Sans Souci. Este moderno centro se encuentra en una excelente ubicaci\u00f3n, a pocos minutos del coraz\u00f3n de la ciudad y con f\u00e1cil acceso desde las principales v\u00edas de la capital. Llegar al evento es sencillo y conveniente, asegurando [&hellip;]<\/p>\n","protected":false},"author":6,"featured_media":0,"comment_status":"open","ping_status":"open","sticky":false,"template":"","format":"standard","meta":{"om_disable_all_campaigns":false,"_monsterinsights_skip_tracking":false,"_monsterinsights_sitenote_active":false,"_monsterinsights_sitenote_note":"","_monsterinsights_sitenote_category":0,"footnotes":""},"categories":[1],"tags":[],"class_list":{"0":"post-1683","1":"post","2":"type-post","3":"status-publish","4":"format-standard","6":"category-nacionales"},"aioseo_notices":[],"_links":{"self":[{"href":"https:\/\/periodicolarepublica.com\/index.php\/wp-json\/wp\/v2\/posts\/1683","targetHints":{"allow":["GET"]}}],"collection":[{"href":"https:\/\/periodicolarepublica.com\/index.php\/wp-json\/wp\/v2\/posts"}],"about":[{"href":"https:\/\/periodicolarepublica.com\/index.php\/wp-json\/wp\/v2\/types\/post"}],"author":[{"embeddable":true,"href":"https:\/\/periodicolarepublica.com\/index.php\/wp-json\/wp\/v2\/users\/6"}],"replies":[{"embeddable":true,"href":"https:\/\/periodicolarepublica.com\/index.php\/wp-json\/wp\/v2\/comments?post=1683"}],"version-history":[{"count":3,"href":"https:\/\/periodicolarepublica.com\/index.php\/wp-json\/wp\/v2\/posts\/1683\/revisions"}],"predecessor-version":[{"id":1687,"href":"https:\/\/periodicolarepublica.com\/index.php\/wp-json\/wp\/v2\/posts\/1683\/revisions\/1687"}],"wp:attachment":[{"href":"https:\/\/periodicolarepublica.com\/index.php\/wp-json\/wp\/v2\/media?parent=1683"}],"wp:term":[{"taxonomy":"category","embeddable":true,"href":"https:\/\/periodicolarepublica.com\/index.php\/wp-json\/wp\/v2\/categories?post=1683"},{"taxonomy":"post_tag","embeddable":true,"href":"https:\/\/periodicolarepublica.com\/index.php\/wp-json\/wp\/v2\/tags?post=1683"}],"curies":[{"name":"wp","href":"https:\/\/api.w.org\/{rel}","templated":true}]}}