{"id":1688,"date":"2024-09-14T15:49:02","date_gmt":"2024-09-14T13:49:02","guid":{"rendered":"https:\/\/periodicolarepublica.com\/?p=1688"},"modified":"2024-09-14T15:49:02","modified_gmt":"2024-09-14T13:49:02","slug":"turismo-inaugura-boulevard-de-la-peregrinacion-y-reconstruccion-de-calles-circundantes-de-la-basilica-de-higuey","status":"publish","type":"post","link":"https:\/\/periodicolarepublica.com\/index.php\/2024\/09\/14\/turismo-inaugura-boulevard-de-la-peregrinacion-y-reconstruccion-de-calles-circundantes-de-la-basilica-de-higuey\/","title":{"rendered":"Turismo inaugura Boulevard de la Peregrinaci\u00f3n y reconstrucci\u00f3n de calles circundantes de la Bas\u00edlica de Hig\u00fcey"},"content":{"rendered":"<p>David Collado dice obras son un espaldarazo al turismo religioso en la cuna de la Virgen de la Altagracia.<\/p>\n<p><img loading=\"lazy\" decoding=\"async\" class=\"alignnone size-medium wp-image-1689\" src=\"https:\/\/periodicolarepublica.com\/wp-content\/uploads\/2024\/09\/Inauguracion-Ruta-Sacra-Higuey-300x200.jpg\" alt=\"\" width=\"300\" height=\"200\" \/><\/p>\n<p>Hig\u00fcey, La Altagracia. \u2013El presidente Luis Abinader y ministro de Turismo, David Collado, inauguraron este viernes el boulevard de la Peregrinaci\u00f3n y la reconstrucci\u00f3n de las calles circundantes a la bas\u00edlica Nuestra Se\u00f1ora de la Altagracia, con una inversi\u00f3n superior a los RD$115,000,000.<\/p>\n<p style=\"text-align: left;\">Incluye, adem\u00e1s, la construcci\u00f3n de 5,120 metros de aceras adoquinadas y 904 metros lineales de cont\u00e9n.<\/p>\n<p>El proyecto V\u00eda Sacra, consiste en la construcci\u00f3n de unas 14 estelas representativas de los Misterios de los Dolores y Gozos de la Virgen, que servir\u00e1 como ruta tur\u00edstica religiosa para devotos y turistas que visiten el emblem\u00e1tico santuario.<\/p>\n","protected":false},"excerpt":{"rendered":"<p>David Collado dice obras son un espaldarazo al turismo religioso en la cuna de la Virgen de la Altagracia. Hig\u00fcey, La Altagracia. \u2013El presidente Luis Abinader y ministro de Turismo, David Collado, inauguraron este viernes el boulevard de la Peregrinaci\u00f3n y la reconstrucci\u00f3n de las calles circundantes a la bas\u00edlica Nuestra Se\u00f1ora de la Altagracia, [&hellip;]<\/p>\n","protected":false},"author":6,"featured_media":0,"comment_status":"open","ping_status":"open","sticky":false,"template":"","format":"standard","meta":{"om_disable_all_campaigns":false,"_monsterinsights_skip_tracking":false,"_monsterinsights_sitenote_active":false,"_monsterinsights_sitenote_note":"","_monsterinsights_sitenote_category":0,"footnotes":""},"categories":[1,20],"tags":[],"class_list":{"0":"post-1688","1":"post","2":"type-post","3":"status-publish","4":"format-standard","6":"category-nacionales","7":"category-turismo"},"aioseo_notices":[],"_links":{"self":[{"href":"https:\/\/periodicolarepublica.com\/index.php\/wp-json\/wp\/v2\/posts\/1688","targetHints":{"allow":["GET"]}}],"collection":[{"href":"https:\/\/periodicolarepublica.com\/index.php\/wp-json\/wp\/v2\/posts"}],"about":[{"href":"https:\/\/periodicolarepublica.com\/index.php\/wp-json\/wp\/v2\/types\/post"}],"author":[{"embeddable":true,"href":"https:\/\/periodicolarepublica.com\/index.php\/wp-json\/wp\/v2\/users\/6"}],"replies":[{"embeddable":true,"href":"https:\/\/periodicolarepublica.com\/index.php\/wp-json\/wp\/v2\/comments?post=1688"}],"version-history":[{"count":1,"href":"https:\/\/periodicolarepublica.com\/index.php\/wp-json\/wp\/v2\/posts\/1688\/revisions"}],"predecessor-version":[{"id":1690,"href":"https:\/\/periodicolarepublica.com\/index.php\/wp-json\/wp\/v2\/posts\/1688\/revisions\/1690"}],"wp:attachment":[{"href":"https:\/\/periodicolarepublica.com\/index.php\/wp-json\/wp\/v2\/media?parent=1688"}],"wp:term":[{"taxonomy":"category","embeddable":true,"href":"https:\/\/periodicolarepublica.com\/index.php\/wp-json\/wp\/v2\/categories?post=1688"},{"taxonomy":"post_tag","embeddable":true,"href":"https:\/\/periodicolarepublica.com\/index.php\/wp-json\/wp\/v2\/tags?post=1688"}],"curies":[{"name":"wp","href":"https:\/\/api.w.org\/{rel}","templated":true}]}}