{"id":1697,"date":"2024-09-15T16:05:12","date_gmt":"2024-09-15T14:05:12","guid":{"rendered":"https:\/\/periodicolarepublica.com\/?p=1697"},"modified":"2024-09-15T16:05:12","modified_gmt":"2024-09-15T14:05:12","slug":"el-gobierno-inaugura-el-caipi-san-felipe-en-villa-mella","status":"publish","type":"post","link":"https:\/\/periodicolarepublica.com\/index.php\/2024\/09\/15\/el-gobierno-inaugura-el-caipi-san-felipe-en-villa-mella\/","title":{"rendered":"El gobierno inaugura el CAIPI San Felipe, en Villa Mella"},"content":{"rendered":"<p>La vicepresidenta Raquel Pe\u00f1a y Josefa Castillo Rodr\u00edguez, directora del INAIPI, encabezaron el acto<\/p>\n<p><img loading=\"lazy\" decoding=\"async\" class=\"alignnone size-medium wp-image-1698\" src=\"https:\/\/periodicolarepublica.com\/wp-content\/uploads\/2024\/09\/IMG-20240915-WA0005-300x200.jpg\" alt=\"\" width=\"300\" height=\"200\" srcset=\"https:\/\/periodicolarepublica.com\/wp-content\/uploads\/2024\/09\/IMG-20240915-WA0005-300x200.jpg?v=1726409088 300w, https:\/\/periodicolarepublica.com\/wp-content\/uploads\/2024\/09\/IMG-20240915-WA0005-1024x684.jpg?v=1726409088 1024w, https:\/\/periodicolarepublica.com\/wp-content\/uploads\/2024\/09\/IMG-20240915-WA0005-768x513.jpg?v=1726409088 768w, https:\/\/periodicolarepublica.com\/wp-content\/uploads\/2024\/09\/IMG-20240915-WA0005-1536x1025.jpg?v=1726409088 1536w, https:\/\/periodicolarepublica.com\/wp-content\/uploads\/2024\/09\/IMG-20240915-WA0005-150x100.jpg?v=1726409088 150w, https:\/\/periodicolarepublica.com\/wp-content\/uploads\/2024\/09\/IMG-20240915-WA0005-600x401.jpg?v=1726409088 600w, https:\/\/periodicolarepublica.com\/wp-content\/uploads\/2024\/09\/IMG-20240915-WA0005-696x465.jpg?v=1726409088 696w, https:\/\/periodicolarepublica.com\/wp-content\/uploads\/2024\/09\/IMG-20240915-WA0005-1392x929.jpg?v=1726409088 1392w, https:\/\/periodicolarepublica.com\/wp-content\/uploads\/2024\/09\/IMG-20240915-WA0005-1068x713.jpg?v=1726409088 1068w, https:\/\/periodicolarepublica.com\/wp-content\/uploads\/2024\/09\/IMG-20240915-WA0005.jpg?v=1726409088 1600w\" sizes=\"auto, (max-width: 300px) 100vw, 300px\" \/><\/p>\n<p>Santo Domingo. &#8211; La vicepresidenta de la Rep\u00fablica, Raquel Pe\u00f1a y la directora ejecutiva del Instituto Nacional de Atenci\u00f3n Integral a la Primera Infancia (INAIPI), Josefa Castillo Rodr\u00edguez, inauguraron el CAIPI San Felipe para beneficiar a 250 ni\u00f1os y ni\u00f1as con edades de 0 a 5 a\u00f1os de varios sectores de Villa Mella, municipio Santo Domingo Norte.<\/p>\n<p>En su discurso, Castillo Rodr\u00edguez declar\u00f3 que \u201ctenemos cero tolerancia ante la violencia y ante el maltrato de los infantes que reciben atenciones en los centros del INAIPI\u201d.<\/p>\n<p>Precis\u00f3 que la instituci\u00f3n est\u00e1 para mejorar la calidad de vida de las futuras generaciones y de las familias que viven en condiciones de vulnerabilidad.<\/p>\n<p>\u201cHago el firme compromiso de trabajar para garantizar el desarrollo integral de los ni\u00f1os y ni\u00f1as que reciben atenciones en los centros del INAIPI. Con este compromiso buscamos aportar para que la primera infancia dominicana obtenga los servicios que necesitan en las \u00e1reas psicol\u00f3gica, f\u00edsica y social\u201d, especific\u00f3 la directora ejecutiva del INAIPI.<\/p>\n<p>El acto inaugural cont\u00f3 con la presencia de Lucrecia Santana Leyba, Gobernadora de la provincia Santo Domingo; Betty Ger\u00f3nimo, alcaldesa del municipio Santo Domingo Norte; la diputada Patricia N\u00fa\u00f1ez; Isidro Torres, director de los Centros Tecnol\u00f3gicos Comunitarios (CTC) y Fernando Taveras, director de Edificaciones del Ministerio de Educaci\u00f3n.<\/p>\n<p>Con este, totalizan 11 los CAIPI instalados en el municipio Santo Domingo Norte, los que sumados a 29 CAFI, completan 40 los centros que acogen a 12,394 infantes que son impactados con los servicios.<\/p>\n<p>Los infantes recibir\u00e1n atenciones enfocadas en los componentes de estimulaci\u00f3n temprana y educaci\u00f3n inicial; salud y nutrici\u00f3n; atenci\u00f3n a necesidades educativas especiales y condici\u00f3n de discapacidad; protecci\u00f3n contra la violencia; registro de nacimiento; as\u00ed como acompa\u00f1amiento a las familias y las comunidades.<\/p>\n<p>Las intervenciones incluyen, tambi\u00e9n, acompa\u00f1amiento y atenci\u00f3n en hogares, fortalecimiento de las buenas pr\u00e1cticas de crianza; acompa\u00f1amiento de padrinos y madrinas con ni\u00f1os y ni\u00f1as de 0 a 1 a\u00f1o y gestantes de alto riesgos, as\u00ed como articulaci\u00f3n en red para la garant\u00eda de servicios p\u00fablicos.<\/p>\n<p>El CAIPI beneficia a ni\u00f1os y ni\u00f1as que viven junto a sus familias en el populoso sector de San Felipe, as\u00ed como en los barrios La Esperanza, Las Flores, La Paz o La China, Cana\u00e1n I y II, Para\u00edso, Mata Los Indios, Urbanizaci\u00f3n Sol, Vietnam, Urbanizaci\u00f3n San Felipe, Residencial Di\u00f3medes, Punta, Residencial Las Auroras y El Play.<\/p>\n<p>El nuevo centro cuenta con 10 salas para recibir a los infantes seg\u00fan el rango etario, adem\u00e1s, cuenta con una moderna cocina y un merendero o \u00e1rea para que nuestros ni\u00f1os y ni\u00f1as reciban sus meriendas, desayunos y almuerzos, as\u00ed como una sala de lactancia, \u00e1reas de juego, y de oficinas, entre otras facilidades.<\/p>\n<p>La inauguraci\u00f3n de este CAIPI forma parte del programa de ampliaci\u00f3n de servicios dirigidos a la primera infancia que impulsa el gobierno del presidente Luis Abinader para integrar a una importante cantidad de infantes y familias en el modelo de atenci\u00f3n que implementa el INAIPI.<\/p>\n<p>Direcci\u00f3n de Comunicaciones<\/p>\n","protected":false},"excerpt":{"rendered":"<p>La vicepresidenta Raquel Pe\u00f1a y Josefa Castillo Rodr\u00edguez, directora del INAIPI, encabezaron el acto Santo Domingo. &#8211; La vicepresidenta de la Rep\u00fablica, Raquel Pe\u00f1a y la directora ejecutiva del Instituto Nacional de Atenci\u00f3n Integral a la Primera Infancia (INAIPI), Josefa Castillo Rodr\u00edguez, inauguraron el CAIPI San Felipe para beneficiar a 250 ni\u00f1os y ni\u00f1as con [&hellip;]<\/p>\n","protected":false},"author":6,"featured_media":1698,"comment_status":"open","ping_status":"open","sticky":false,"template":"","format":"standard","meta":{"om_disable_all_campaigns":false,"_monsterinsights_skip_tracking":false,"_monsterinsights_sitenote_active":false,"_monsterinsights_sitenote_note":"","_monsterinsights_sitenote_category":0,"footnotes":""},"categories":[1],"tags":[],"class_list":{"0":"post-1697","1":"post","2":"type-post","3":"status-publish","4":"format-standard","5":"has-post-thumbnail","7":"category-nacionales"},"aioseo_notices":[],"_links":{"self":[{"href":"https:\/\/periodicolarepublica.com\/index.php\/wp-json\/wp\/v2\/posts\/1697","targetHints":{"allow":["GET"]}}],"collection":[{"href":"https:\/\/periodicolarepublica.com\/index.php\/wp-json\/wp\/v2\/posts"}],"about":[{"href":"https:\/\/periodicolarepublica.com\/index.php\/wp-json\/wp\/v2\/types\/post"}],"author":[{"embeddable":true,"href":"https:\/\/periodicolarepublica.com\/index.php\/wp-json\/wp\/v2\/users\/6"}],"replies":[{"embeddable":true,"href":"https:\/\/periodicolarepublica.com\/index.php\/wp-json\/wp\/v2\/comments?post=1697"}],"version-history":[{"count":1,"href":"https:\/\/periodicolarepublica.com\/index.php\/wp-json\/wp\/v2\/posts\/1697\/revisions"}],"predecessor-version":[{"id":1699,"href":"https:\/\/periodicolarepublica.com\/index.php\/wp-json\/wp\/v2\/posts\/1697\/revisions\/1699"}],"wp:featuredmedia":[{"embeddable":true,"href":"https:\/\/periodicolarepublica.com\/index.php\/wp-json\/wp\/v2\/media\/1698"}],"wp:attachment":[{"href":"https:\/\/periodicolarepublica.com\/index.php\/wp-json\/wp\/v2\/media?parent=1697"}],"wp:term":[{"taxonomy":"category","embeddable":true,"href":"https:\/\/periodicolarepublica.com\/index.php\/wp-json\/wp\/v2\/categories?post=1697"},{"taxonomy":"post_tag","embeddable":true,"href":"https:\/\/periodicolarepublica.com\/index.php\/wp-json\/wp\/v2\/tags?post=1697"}],"curies":[{"name":"wp","href":"https:\/\/api.w.org\/{rel}","templated":true}]}}