{"id":1704,"date":"2024-09-16T01:23:01","date_gmt":"2024-09-15T23:23:01","guid":{"rendered":"https:\/\/periodicolarepublica.com\/?p=1704"},"modified":"2024-09-16T01:23:01","modified_gmt":"2024-09-15T23:23:01","slug":"el-alcalde-dio-astacio-celebra-ambiciosos-proyectos-de-infraestructura-anunciados-por-el-presidente-abinader","status":"publish","type":"post","link":"https:\/\/periodicolarepublica.com\/index.php\/2024\/09\/16\/el-alcalde-dio-astacio-celebra-ambiciosos-proyectos-de-infraestructura-anunciados-por-el-presidente-abinader\/","title":{"rendered":"El alcalde D\u00edo Astacio celebra ambiciosos proyectos de infraestructura anunciados por el presidente Abinader"},"content":{"rendered":"<p>Santo Domingo Este, \u2013 El alcalde D\u00edo Astacio particip\u00f3 en el Consejo de Ministros celebrado en el Palacio Municipal de Santo Domingo Este, donde el presidente Luis Abinader anunci\u00f3 una serie de importantes proyectos de infraestructura destinados a transformar este municipio. Entre las principales obras se incluyen la construcci\u00f3n de la extensi\u00f3n de la Universidad Aut\u00f3noma de Santo Domingo en la Ciudad Juan Bosch, la remodelaci\u00f3n del mercado modelo en Los Mina, la ampliaci\u00f3n de la L\u00ednea del Metro, la instalaci\u00f3n de nuevos Comedores Econ\u00f3micos, y la reconstrucci\u00f3n del Malec\u00f3n de la Avenida Espa\u00f1a.<\/p>\n<p><img loading=\"lazy\" decoding=\"async\" class=\"alignnone size-medium wp-image-1705\" src=\"https:\/\/periodicolarepublica.com\/wp-content\/uploads\/2024\/09\/IMG-20240915-WA0045-300x169.jpg\" alt=\"\" width=\"300\" height=\"169\" \/><\/p>\n<p>Durante el evento, Abinader destac\u00f3 la construcci\u00f3n de una nueva sede de la Universidad Aut\u00f3noma de Santo Domingo (UASD) en el municipio, cuyo primer picazo se llevar\u00e1 a cabo el pr\u00f3ximo 17 de septiembre del presente a\u00f1o. Este proyecto busca ofrecer nuevas oportunidades educativas a m\u00e1s de 1,500 estudiantes, fortaleciendo el desarrollo acad\u00e9mico y profesional de los j\u00f3venes de Santo Domingo Este, descongestionando as\u00ed el tr\u00e1nsito hacia el Distrito Nacional.<\/p>\n<p>Adem\u00e1s, se anunci\u00f3 la construcci\u00f3n del Tren Metropolitano de Santo Domingo, que conectar\u00e1 diversos sectores del municipio para aliviar el tr\u00e1fico y mejorar la movilidad urbana. Estos proyectos reflejan el compromiso del gobierno con la mejora de la infraestructura de transporte.<\/p>\n<p>De su lado, El alcalde, D\u00edo Astacio, expres\u00f3 su entusiasmo por los proyectos anunciados, subrayando la importancia de estas obras para el bienestar de la comunidad.<\/p>\n<p>\u201cEstos proyectos representan un avance significativo para nuestro municipio. La nueva sede de la UASD, el Tren Metropolitano y la reconstrucci\u00f3n del Malec\u00f3n son esenciales para el desarrollo y la calidad de vida de nuestros ciudadanos.<\/p>\n<p>Agradecemos al presidente Abinader y a su equipo por incluir a Santo Domingo Este en su visi\u00f3n de desarrollo a largo plazo: \u201cEsta es una muestra clara de que, trabajando juntos, gobierno central y municipal, podemos lograr grandes resultados\u201d, expres\u00f3 el alcalde D\u00edo Astacio.<\/p>\n<p>Mientras que, Jos\u00e9 Ignacio Paliza, ministro de la Presidencia y presidente del PRM, elogi\u00f3 los notables cambios que exh\u00edbe el municipio. \u201c felicito al alcalde, D\u00edo Astacio, por que se ve y se siente limpieza en ornatos, la seguridad y organizaci\u00f3n\u201d, expres\u00f3 Paliza.<\/p>\n<p>Abinader tambi\u00e9n comunic\u00f3 la construcci\u00f3n de tres nuevas plantas de tratamiento de aguas negras, una medida crucial para el saneamiento del municipio, as\u00ed como la instalaci\u00f3n de comedores econ\u00f3micos para garantizar el acceso a alimentos asequibles en las comunidades.<\/p>\n<p>Compromiso con la seguridad y el desarrollo<\/p>\n<p>Otro de los anuncios importantes fue la ampliaci\u00f3n de la nueva sede del Palacio de Justicia en Santo Domingo Este, con el objetivo de mejorar y garantizar un servicio m\u00e1s eficiente a los residentes.<\/p>\n<p>Con estos anuncios, el gobierno reafirma su compromiso con el crecimiento sostenible y la mejora de los servicios p\u00fablicos en Santo Domingo Este, posicionando al municipio como un pilar en el desarrollo nacional.<\/p>\n","protected":false},"excerpt":{"rendered":"<p>Santo Domingo Este, \u2013 El alcalde D\u00edo Astacio particip\u00f3 en el Consejo de Ministros celebrado en el Palacio Municipal de Santo Domingo Este, donde el presidente Luis Abinader anunci\u00f3 una serie de importantes proyectos de infraestructura destinados a transformar este municipio. Entre las principales obras se incluyen la construcci\u00f3n de la extensi\u00f3n de la Universidad [&hellip;]<\/p>\n","protected":false},"author":6,"featured_media":0,"comment_status":"open","ping_status":"open","sticky":false,"template":"","format":"standard","meta":{"om_disable_all_campaigns":false,"_monsterinsights_skip_tracking":false,"_monsterinsights_sitenote_active":false,"_monsterinsights_sitenote_note":"","_monsterinsights_sitenote_category":0,"footnotes":""},"categories":[1],"tags":[],"class_list":{"0":"post-1704","1":"post","2":"type-post","3":"status-publish","4":"format-standard","6":"category-nacionales"},"aioseo_notices":[],"_links":{"self":[{"href":"https:\/\/periodicolarepublica.com\/index.php\/wp-json\/wp\/v2\/posts\/1704","targetHints":{"allow":["GET"]}}],"collection":[{"href":"https:\/\/periodicolarepublica.com\/index.php\/wp-json\/wp\/v2\/posts"}],"about":[{"href":"https:\/\/periodicolarepublica.com\/index.php\/wp-json\/wp\/v2\/types\/post"}],"author":[{"embeddable":true,"href":"https:\/\/periodicolarepublica.com\/index.php\/wp-json\/wp\/v2\/users\/6"}],"replies":[{"embeddable":true,"href":"https:\/\/periodicolarepublica.com\/index.php\/wp-json\/wp\/v2\/comments?post=1704"}],"version-history":[{"count":1,"href":"https:\/\/periodicolarepublica.com\/index.php\/wp-json\/wp\/v2\/posts\/1704\/revisions"}],"predecessor-version":[{"id":1706,"href":"https:\/\/periodicolarepublica.com\/index.php\/wp-json\/wp\/v2\/posts\/1704\/revisions\/1706"}],"wp:attachment":[{"href":"https:\/\/periodicolarepublica.com\/index.php\/wp-json\/wp\/v2\/media?parent=1704"}],"wp:term":[{"taxonomy":"category","embeddable":true,"href":"https:\/\/periodicolarepublica.com\/index.php\/wp-json\/wp\/v2\/categories?post=1704"},{"taxonomy":"post_tag","embeddable":true,"href":"https:\/\/periodicolarepublica.com\/index.php\/wp-json\/wp\/v2\/tags?post=1704"}],"curies":[{"name":"wp","href":"https:\/\/api.w.org\/{rel}","templated":true}]}}