{"id":1711,"date":"2024-09-18T20:55:47","date_gmt":"2024-09-18T18:55:47","guid":{"rendered":"https:\/\/periodicolarepublica.com\/?p=1711"},"modified":"2024-09-18T20:55:47","modified_gmt":"2024-09-18T18:55:47","slug":"skyhigh-airlines-brilla-en-la-feria-top-resa-iftm-de-paris-2024","status":"publish","type":"post","link":"https:\/\/periodicolarepublica.com\/index.php\/2024\/09\/18\/skyhigh-airlines-brilla-en-la-feria-top-resa-iftm-de-paris-2024\/","title":{"rendered":"Skyhigh Airlines brilla en la Feria Top Resa IFTM de Par\u00eds 2024"},"content":{"rendered":"<p>Par\u00eds, Francia.- La empresa dominicana de aviaci\u00f3n, Skyhigh Airlines, se ha destacado en la edici\u00f3n 2024 de la feria de turismo Top Resa IFTM, que se lleva a cabo en Par\u00eds.<\/p>\n<p><img loading=\"lazy\" decoding=\"async\" class=\"alignnone size-medium wp-image-1712\" src=\"https:\/\/periodicolarepublica.com\/wp-content\/uploads\/2024\/09\/Picsart_24-09-18_14-48-33-752-300x217.jpg\" alt=\"\" width=\"300\" height=\"217\" srcset=\"https:\/\/periodicolarepublica.com\/wp-content\/uploads\/2024\/09\/Picsart_24-09-18_14-48-33-752-300x217.jpg?v=1726685729 300w, https:\/\/periodicolarepublica.com\/wp-content\/uploads\/2024\/09\/Picsart_24-09-18_14-48-33-752-1024x740.jpg?v=1726685729 1024w, https:\/\/periodicolarepublica.com\/wp-content\/uploads\/2024\/09\/Picsart_24-09-18_14-48-33-752-768x555.jpg?v=1726685729 768w, https:\/\/periodicolarepublica.com\/wp-content\/uploads\/2024\/09\/Picsart_24-09-18_14-48-33-752-1536x1110.jpg?v=1726685729 1536w, https:\/\/periodicolarepublica.com\/wp-content\/uploads\/2024\/09\/Picsart_24-09-18_14-48-33-752-2048x1480.jpg?v=1726685729 2048w, https:\/\/periodicolarepublica.com\/wp-content\/uploads\/2024\/09\/Picsart_24-09-18_14-48-33-752-150x108.jpg?v=1726685729 150w, https:\/\/periodicolarepublica.com\/wp-content\/uploads\/2024\/09\/Picsart_24-09-18_14-48-33-752-600x434.jpg?v=1726685729 600w, https:\/\/periodicolarepublica.com\/wp-content\/uploads\/2024\/09\/Picsart_24-09-18_14-48-33-752-696x503.jpg?v=1726685729 696w, https:\/\/periodicolarepublica.com\/wp-content\/uploads\/2024\/09\/Picsart_24-09-18_14-48-33-752-1392x1006.jpg?v=1726685729 1392w, https:\/\/periodicolarepublica.com\/wp-content\/uploads\/2024\/09\/Picsart_24-09-18_14-48-33-752-1068x772.jpg?v=1726685729 1068w, https:\/\/periodicolarepublica.com\/wp-content\/uploads\/2024\/09\/Picsart_24-09-18_14-48-33-752-1920x1388.jpg?v=1726685729 1920w, https:\/\/periodicolarepublica.com\/wp-content\/uploads\/2024\/09\/Picsart_24-09-18_14-48-33-752-324x235.jpg?v=1726685729 324w, https:\/\/periodicolarepublica.com\/wp-content\/uploads\/2024\/09\/Picsart_24-09-18_14-48-33-752-648x470.jpg?v=1726685729 648w\" sizes=\"auto, (max-width: 300px) 100vw, 300px\" \/><\/p>\n<p>La directora comercial de la aerol\u00ednea, Cesarina Beauchamp, lidera un equipo de profesionales en este importante evento, donde la compa\u00f1\u00eda presenta sus innovadoras propuestas y servicios para atraer socios comerciales y aportar turistas al pa\u00eds.<\/p>\n<p>La participaci\u00f3n de Skyhigh Airlines en la feria ha sido notable, con un enfoque en fortalecer la conectividad a\u00e9rea entre Rep\u00fablica Dominicana y otras destinos, promoviendo el turismo y el desarrollo econ\u00f3mico en el pa\u00eds. El evento ha reunido a representantes de la industria tur\u00edstica global, y la aerol\u00ednea ha aprovechado la oportunidad para posicionarse como un actor clave en el sector.<\/p>\n<p>El ministro de Turismo de Rep\u00fablica Dominicana, David Collado, tambi\u00e9n est\u00e1 presente en la feria, apoyando a todas las empresas participantes, como Skyhigh Airlines, que tiene la misi\u00f3n de conquistar el mercado internacional.<\/p>\n<p>Skyhigh Airlines contin\u00faa expandiendo su presencia en el mercado internacional, y su participaci\u00f3n en Top Resa IFTM 2024 reafirma su compromiso con la excelencia y la innovaci\u00f3n en la aviaci\u00f3n dominicana.<\/p>\n","protected":false},"excerpt":{"rendered":"<p>Par\u00eds, Francia.- La empresa dominicana de aviaci\u00f3n, Skyhigh Airlines, se ha destacado en la edici\u00f3n 2024 de la feria de turismo Top Resa IFTM, que se lleva a cabo en Par\u00eds. La directora comercial de la aerol\u00ednea, Cesarina Beauchamp, lidera un equipo de profesionales en este importante evento, donde la compa\u00f1\u00eda presenta sus innovadoras propuestas [&hellip;]<\/p>\n","protected":false},"author":1,"featured_media":1712,"comment_status":"open","ping_status":"open","sticky":false,"template":"","format":"standard","meta":{"om_disable_all_campaigns":false,"_monsterinsights_skip_tracking":false,"_monsterinsights_sitenote_active":false,"_monsterinsights_sitenote_note":"","_monsterinsights_sitenote_category":0,"footnotes":""},"categories":[1,20],"tags":[169,170],"class_list":{"0":"post-1711","1":"post","2":"type-post","3":"status-publish","4":"format-standard","5":"has-post-thumbnail","7":"category-nacionales","8":"category-turismo","9":"tag-skyhigh-com","10":"tag-skyhighairlines"},"aioseo_notices":[],"_links":{"self":[{"href":"https:\/\/periodicolarepublica.com\/index.php\/wp-json\/wp\/v2\/posts\/1711","targetHints":{"allow":["GET"]}}],"collection":[{"href":"https:\/\/periodicolarepublica.com\/index.php\/wp-json\/wp\/v2\/posts"}],"about":[{"href":"https:\/\/periodicolarepublica.com\/index.php\/wp-json\/wp\/v2\/types\/post"}],"author":[{"embeddable":true,"href":"https:\/\/periodicolarepublica.com\/index.php\/wp-json\/wp\/v2\/users\/1"}],"replies":[{"embeddable":true,"href":"https:\/\/periodicolarepublica.com\/index.php\/wp-json\/wp\/v2\/comments?post=1711"}],"version-history":[{"count":1,"href":"https:\/\/periodicolarepublica.com\/index.php\/wp-json\/wp\/v2\/posts\/1711\/revisions"}],"predecessor-version":[{"id":1713,"href":"https:\/\/periodicolarepublica.com\/index.php\/wp-json\/wp\/v2\/posts\/1711\/revisions\/1713"}],"wp:featuredmedia":[{"embeddable":true,"href":"https:\/\/periodicolarepublica.com\/index.php\/wp-json\/wp\/v2\/media\/1712"}],"wp:attachment":[{"href":"https:\/\/periodicolarepublica.com\/index.php\/wp-json\/wp\/v2\/media?parent=1711"}],"wp:term":[{"taxonomy":"category","embeddable":true,"href":"https:\/\/periodicolarepublica.com\/index.php\/wp-json\/wp\/v2\/categories?post=1711"},{"taxonomy":"post_tag","embeddable":true,"href":"https:\/\/periodicolarepublica.com\/index.php\/wp-json\/wp\/v2\/tags?post=1711"}],"curies":[{"name":"wp","href":"https:\/\/api.w.org\/{rel}","templated":true}]}}