{"id":1714,"date":"2024-09-18T21:10:48","date_gmt":"2024-09-18T19:10:48","guid":{"rendered":"https:\/\/periodicolarepublica.com\/?p=1714"},"modified":"2024-09-18T21:27:36","modified_gmt":"2024-09-18T19:27:36","slug":"arajet-extendio-su-promocion-de-aniversario-de-vuelos-desde-2-dolares","status":"publish","type":"post","link":"https:\/\/periodicolarepublica.com\/index.php\/2024\/09\/18\/arajet-extendio-su-promocion-de-aniversario-de-vuelos-desde-2-dolares\/","title":{"rendered":"Arajet extendi\u00f3 su promoci\u00f3n de aniversario de vuelos desde 2 d\u00f3lares"},"content":{"rendered":"<p>Esta promoci\u00f3n de aniversario proyecta a septiembre como el mes de mayor venta de la aerol\u00ednea en su historia.<\/p>\n<p><img loading=\"lazy\" decoding=\"async\" class=\"alignnone size-medium wp-image-1718\" src=\"https:\/\/periodicolarepublica.com\/wp-content\/uploads\/2024\/09\/IMG_20240918_151620-300x189.jpg\" alt=\"\" width=\"300\" height=\"189\" srcset=\"https:\/\/periodicolarepublica.com\/wp-content\/uploads\/2024\/09\/IMG_20240918_151620-300x189.jpg?v=1726687038 300w, https:\/\/periodicolarepublica.com\/wp-content\/uploads\/2024\/09\/IMG_20240918_151620-150x94.jpg?v=1726687038 150w, https:\/\/periodicolarepublica.com\/wp-content\/uploads\/2024\/09\/IMG_20240918_151620.jpg?v=1726687038 482w\" sizes=\"auto, (max-width: 300px) 100vw, 300px\" \/><\/p>\n<p>Santo Domingo, 18 de septiembre de 2024.- Arajet, la aerol\u00ednea de precios bajos de la Rep\u00fablica Dominicana extendi\u00f3 su promoci\u00f3n de aniversario ofreciendo vuelos desde los 2 d\u00f3lares para que los pasajeros puedan aprovechar y planificar sus viajes de vacaciones y negocios con los precios m\u00e1s bajos del mercado.<\/p>\n<p>La aerol\u00ednea puntualiz\u00f3 que esta promoci\u00f3n se ha extendido hasta el viernes 20 de septiembre con precios a partir de 2 d\u00f3lares por trayecto y sin impuestos incluidos, la misma aplica para los 23 destinos en los 16 pa\u00edses donde cuenta con operaciones y para las m\u00e1s de 200 conexiones que ofrecen desde Canad\u00e1 hasta el cono sur.<\/p>\n<p>\u201cEn Arajet queremos agradecer a todos los pasajeros que nos han reconocido como su mejor opci\u00f3n para viajar, esto es un compromiso para seguir ofreciendo un servicio a bordo con los m\u00e1s altos est\u00e1ndares y brindar el mejor servicio al cliente de la regi\u00f3n\u201d, expresaron.<\/p>\n<p>Destacaron que esta iniciativa es parte de la celebraci\u00f3n de su segundo aniversario de operaciones para continuar dando la oportunidad a que los usuarios puedan conectar con otras ciudades del continente y vivir nuevas experiencias conociendo otras culturas.<\/p>\n","protected":false},"excerpt":{"rendered":"<p>Esta promoci\u00f3n de aniversario proyecta a septiembre como el mes de mayor venta de la aerol\u00ednea en su historia. Santo Domingo, 18 de septiembre de 2024.- Arajet, la aerol\u00ednea de precios bajos de la Rep\u00fablica Dominicana extendi\u00f3 su promoci\u00f3n de aniversario ofreciendo vuelos desde los 2 d\u00f3lares para que los pasajeros puedan aprovechar y planificar [&hellip;]<\/p>\n","protected":false},"author":6,"featured_media":1716,"comment_status":"open","ping_status":"open","sticky":false,"template":"","format":"standard","meta":{"om_disable_all_campaigns":false,"_monsterinsights_skip_tracking":false,"_monsterinsights_sitenote_active":false,"_monsterinsights_sitenote_note":"","_monsterinsights_sitenote_category":0,"footnotes":""},"categories":[1,20],"tags":[288],"class_list":{"0":"post-1714","1":"post","2":"type-post","3":"status-publish","4":"format-standard","5":"has-post-thumbnail","7":"category-nacionales","8":"category-turismo","9":"tag-arajet-com"},"aioseo_notices":[],"_links":{"self":[{"href":"https:\/\/periodicolarepublica.com\/index.php\/wp-json\/wp\/v2\/posts\/1714","targetHints":{"allow":["GET"]}}],"collection":[{"href":"https:\/\/periodicolarepublica.com\/index.php\/wp-json\/wp\/v2\/posts"}],"about":[{"href":"https:\/\/periodicolarepublica.com\/index.php\/wp-json\/wp\/v2\/types\/post"}],"author":[{"embeddable":true,"href":"https:\/\/periodicolarepublica.com\/index.php\/wp-json\/wp\/v2\/users\/6"}],"replies":[{"embeddable":true,"href":"https:\/\/periodicolarepublica.com\/index.php\/wp-json\/wp\/v2\/comments?post=1714"}],"version-history":[{"count":3,"href":"https:\/\/periodicolarepublica.com\/index.php\/wp-json\/wp\/v2\/posts\/1714\/revisions"}],"predecessor-version":[{"id":1720,"href":"https:\/\/periodicolarepublica.com\/index.php\/wp-json\/wp\/v2\/posts\/1714\/revisions\/1720"}],"wp:featuredmedia":[{"embeddable":true,"href":"https:\/\/periodicolarepublica.com\/index.php\/wp-json\/wp\/v2\/media\/1716"}],"wp:attachment":[{"href":"https:\/\/periodicolarepublica.com\/index.php\/wp-json\/wp\/v2\/media?parent=1714"}],"wp:term":[{"taxonomy":"category","embeddable":true,"href":"https:\/\/periodicolarepublica.com\/index.php\/wp-json\/wp\/v2\/categories?post=1714"},{"taxonomy":"post_tag","embeddable":true,"href":"https:\/\/periodicolarepublica.com\/index.php\/wp-json\/wp\/v2\/tags?post=1714"}],"curies":[{"name":"wp","href":"https:\/\/api.w.org\/{rel}","templated":true}]}}