{"id":1721,"date":"2024-09-18T21:43:27","date_gmt":"2024-09-18T19:43:27","guid":{"rendered":"https:\/\/periodicolarepublica.com\/?p=1721"},"modified":"2024-09-18T22:07:50","modified_gmt":"2024-09-18T20:07:50","slug":"carmen-ligia-barcelo-nominada-de-la-campana-de-marketing-politico-electoral-por-alacop","status":"publish","type":"post","link":"https:\/\/periodicolarepublica.com\/index.php\/2024\/09\/18\/carmen-ligia-barcelo-nominada-de-la-campana-de-marketing-politico-electoral-por-alacop\/","title":{"rendered":"Carmen Ligia Barcel\u00f3: Nominada a Campa\u00f1a de Marketing Pol\u00edtico Electoral por ALACOP"},"content":{"rendered":"<p>En un hito significativo para la pol\u00edtica dominicana, la diputada Carmen Ligia Barcelo de Hato Mayor, ha sido nominada por la Asociaci\u00f3n Latinoamericana de Consultores Pol\u00edticos (ALACOP) por su destacada campa\u00f1a de marketing pol\u00edtico electoral en las recientes elecciones.<\/p>\n<p><img loading=\"lazy\" decoding=\"async\" class=\"alignnone size-medium wp-image-1722\" src=\"https:\/\/periodicolarepublica.com\/wp-content\/uploads\/2024\/09\/IMG_20240918_154047-300x247.jpg\" alt=\"\" width=\"300\" height=\"247\" srcset=\"https:\/\/periodicolarepublica.com\/wp-content\/uploads\/2024\/09\/IMG_20240918_154047-300x247.jpg?v=1726688474 300w, https:\/\/periodicolarepublica.com\/wp-content\/uploads\/2024\/09\/IMG_20240918_154047-768x633.jpg?v=1726688474 768w, https:\/\/periodicolarepublica.com\/wp-content\/uploads\/2024\/09\/IMG_20240918_154047-150x124.jpg?v=1726688474 150w, https:\/\/periodicolarepublica.com\/wp-content\/uploads\/2024\/09\/IMG_20240918_154047-600x494.jpg?v=1726688474 600w, https:\/\/periodicolarepublica.com\/wp-content\/uploads\/2024\/09\/IMG_20240918_154047-696x573.jpg?v=1726688474 696w, https:\/\/periodicolarepublica.com\/wp-content\/uploads\/2024\/09\/IMG_20240918_154047.jpg?v=1726688474 801w\" sizes=\"auto, (max-width: 300px) 100vw, 300px\" \/><\/p>\n<p>La campa\u00f1a de Barcel\u00f3, dise\u00f1ada y ejecutada por la consultora Strategos Pol\u00edticos, dirigida por Nayvelis P\u00e9rez y Raniero Cassoni, se destac\u00f3 por su enfoque innovador y estrat\u00e9gico que conect\u00f3 eficazmente con los votantes, por lo cual fue nominada en estos premios.<\/p>\n<p>En la misma se utiliz\u00f3, una combinaci\u00f3n de medios digitales y tradicionales, as\u00ed como un enfoque centrado en las necesidades de la comunidad, la campa\u00f1a logr\u00f3 posicionar a Barcel\u00f3 como una candidata cercana y comprometida.<\/p>\n<p>Los premios de\u00a0 ALACOP resaltan la importancia de la estrategia de marketing pol\u00edtico en los procesos electorales contempor\u00e1neos y en estos ha sido nominada la diputada dominicana con su equipo.<\/p>\n","protected":false},"excerpt":{"rendered":"<p>En un hito significativo para la pol\u00edtica dominicana, la diputada Carmen Ligia Barcelo de Hato Mayor, ha sido nominada por la Asociaci\u00f3n Latinoamericana de Consultores Pol\u00edticos (ALACOP) por su destacada campa\u00f1a de marketing pol\u00edtico electoral en las recientes elecciones. La campa\u00f1a de Barcel\u00f3, dise\u00f1ada y ejecutada por la consultora Strategos Pol\u00edticos, dirigida por Nayvelis P\u00e9rez [&hellip;]<\/p>\n","protected":false},"author":1,"featured_media":1722,"comment_status":"open","ping_status":"open","sticky":false,"template":"","format":"standard","meta":{"om_disable_all_campaigns":false,"_monsterinsights_skip_tracking":false,"_monsterinsights_sitenote_active":false,"_monsterinsights_sitenote_note":"","_monsterinsights_sitenote_category":0,"footnotes":""},"categories":[1],"tags":[],"class_list":{"0":"post-1721","1":"post","2":"type-post","3":"status-publish","4":"format-standard","5":"has-post-thumbnail","7":"category-nacionales"},"aioseo_notices":[],"_links":{"self":[{"href":"https:\/\/periodicolarepublica.com\/index.php\/wp-json\/wp\/v2\/posts\/1721","targetHints":{"allow":["GET"]}}],"collection":[{"href":"https:\/\/periodicolarepublica.com\/index.php\/wp-json\/wp\/v2\/posts"}],"about":[{"href":"https:\/\/periodicolarepublica.com\/index.php\/wp-json\/wp\/v2\/types\/post"}],"author":[{"embeddable":true,"href":"https:\/\/periodicolarepublica.com\/index.php\/wp-json\/wp\/v2\/users\/1"}],"replies":[{"embeddable":true,"href":"https:\/\/periodicolarepublica.com\/index.php\/wp-json\/wp\/v2\/comments?post=1721"}],"version-history":[{"count":4,"href":"https:\/\/periodicolarepublica.com\/index.php\/wp-json\/wp\/v2\/posts\/1721\/revisions"}],"predecessor-version":[{"id":1726,"href":"https:\/\/periodicolarepublica.com\/index.php\/wp-json\/wp\/v2\/posts\/1721\/revisions\/1726"}],"wp:featuredmedia":[{"embeddable":true,"href":"https:\/\/periodicolarepublica.com\/index.php\/wp-json\/wp\/v2\/media\/1722"}],"wp:attachment":[{"href":"https:\/\/periodicolarepublica.com\/index.php\/wp-json\/wp\/v2\/media?parent=1721"}],"wp:term":[{"taxonomy":"category","embeddable":true,"href":"https:\/\/periodicolarepublica.com\/index.php\/wp-json\/wp\/v2\/categories?post=1721"},{"taxonomy":"post_tag","embeddable":true,"href":"https:\/\/periodicolarepublica.com\/index.php\/wp-json\/wp\/v2\/tags?post=1721"}],"curies":[{"name":"wp","href":"https:\/\/api.w.org\/{rel}","templated":true}]}}