{"id":1727,"date":"2024-09-19T19:14:38","date_gmt":"2024-09-19T17:14:38","guid":{"rendered":"https:\/\/periodicolarepublica.com\/?p=1727"},"modified":"2024-09-19T19:18:24","modified_gmt":"2024-09-19T17:18:24","slug":"arajet-se-asocia-con-cellpoint-digital-para-eficientizar-gestion-de-pagos","status":"publish","type":"post","link":"https:\/\/periodicolarepublica.com\/index.php\/2024\/09\/19\/arajet-se-asocia-con-cellpoint-digital-para-eficientizar-gestion-de-pagos\/","title":{"rendered":"Arajet se asocia con CellPoint Digital para eficientizar gesti\u00f3n de pagos"},"content":{"rendered":"<p>La alianza estrat\u00e9gica centraliza los procesos de pago de Arajet y permite a la aerol\u00ednea soportar una variedad de m\u00e9todos de pago alternativos (APMs) en Sudam\u00e9rica y M\u00e9xico.<\/p>\n<p><img loading=\"lazy\" decoding=\"async\" class=\"alignnone size-medium wp-image-1730 alignright\" src=\"https:\/\/periodicolarepublica.com\/wp-content\/uploads\/2024\/09\/Picsart_24-09-19_13-17-07-042-300x190.jpg\" alt=\"\" width=\"300\" height=\"190\" \/><\/p>\n<p>&nbsp;<\/p>\n<p>Londres, septiembre 19, 2024 &#8211; CellPoint Digital y Arajet anunciaron la firma de un acuerdo para proveer a la aerol\u00ednea de una red de pagos con una infraestructura capaz de alimentar una amplia gama de m\u00e9todos alternativos (APM), minimizando al mismo tiempo los costes de transacci\u00f3n y facilitando la expansi\u00f3n a nuevos mercados.<\/p>\n<p>V\u00edctor Pacheco M\u00e9ndez, CEO y fundador Arajet, expres\u00f3 que, \u201cComo aerol\u00ednea en desarrollo que crece en la regi\u00f3n, necesit\u00e1bamos un socio que nos permitiera una gesti\u00f3n eficiente de pagos para respaldar nuestros planes de expansi\u00f3n, seguir ofreciendo tarifas atractivas a nuestros pasajeros y se ajuste a las preferencias de pago de nuestros mercados objetivos\u201d.<\/p>\n<p>Por ello, la asociaci\u00f3n con CellPoint Digital, ofrece una soluci\u00f3n de pago integral con un largo historial de \u00e9xitos en la regi\u00f3n de Latinoam\u00e9rica y permitir\u00e1 a Arajet introducir r\u00e1pidamente el soporte para nuevos APM cr\u00edticos en sus vuelos a trav\u00e9s de M\u00e9xico, Brasil y Colombia utilizando la conexi\u00f3n API \u00fanica de CellPoint Digital.<\/p>\n<p>&nbsp;<\/p>\n","protected":false},"excerpt":{"rendered":"<p>La alianza estrat\u00e9gica centraliza los procesos de pago de Arajet y permite a la aerol\u00ednea soportar una variedad de m\u00e9todos de pago alternativos (APMs) en Sudam\u00e9rica y M\u00e9xico. &nbsp; Londres, septiembre 19, 2024 &#8211; CellPoint Digital y Arajet anunciaron la firma de un acuerdo para proveer a la aerol\u00ednea de una red de pagos con [&hellip;]<\/p>\n","protected":false},"author":6,"featured_media":0,"comment_status":"open","ping_status":"open","sticky":false,"template":"","format":"standard","meta":{"om_disable_all_campaigns":false,"_monsterinsights_skip_tracking":false,"_monsterinsights_sitenote_active":false,"_monsterinsights_sitenote_note":"","_monsterinsights_sitenote_category":0,"footnotes":""},"categories":[1],"tags":[288],"class_list":{"0":"post-1727","1":"post","2":"type-post","3":"status-publish","4":"format-standard","6":"category-nacionales","7":"tag-arajet-com"},"aioseo_notices":[],"_links":{"self":[{"href":"https:\/\/periodicolarepublica.com\/index.php\/wp-json\/wp\/v2\/posts\/1727","targetHints":{"allow":["GET"]}}],"collection":[{"href":"https:\/\/periodicolarepublica.com\/index.php\/wp-json\/wp\/v2\/posts"}],"about":[{"href":"https:\/\/periodicolarepublica.com\/index.php\/wp-json\/wp\/v2\/types\/post"}],"author":[{"embeddable":true,"href":"https:\/\/periodicolarepublica.com\/index.php\/wp-json\/wp\/v2\/users\/6"}],"replies":[{"embeddable":true,"href":"https:\/\/periodicolarepublica.com\/index.php\/wp-json\/wp\/v2\/comments?post=1727"}],"version-history":[{"count":3,"href":"https:\/\/periodicolarepublica.com\/index.php\/wp-json\/wp\/v2\/posts\/1727\/revisions"}],"predecessor-version":[{"id":1732,"href":"https:\/\/periodicolarepublica.com\/index.php\/wp-json\/wp\/v2\/posts\/1727\/revisions\/1732"}],"wp:attachment":[{"href":"https:\/\/periodicolarepublica.com\/index.php\/wp-json\/wp\/v2\/media?parent=1727"}],"wp:term":[{"taxonomy":"category","embeddable":true,"href":"https:\/\/periodicolarepublica.com\/index.php\/wp-json\/wp\/v2\/categories?post=1727"},{"taxonomy":"post_tag","embeddable":true,"href":"https:\/\/periodicolarepublica.com\/index.php\/wp-json\/wp\/v2\/tags?post=1727"}],"curies":[{"name":"wp","href":"https:\/\/api.w.org\/{rel}","templated":true}]}}