{"id":1736,"date":"2024-09-20T02:12:59","date_gmt":"2024-09-20T00:12:59","guid":{"rendered":"https:\/\/periodicolarepublica.com\/?p=1736"},"modified":"2024-09-20T02:12:59","modified_gmt":"2024-09-20T00:12:59","slug":"catorce-anos-innovando-para-acompanar-a-las-marcas-en-su-desarrollo","status":"publish","type":"post","link":"https:\/\/periodicolarepublica.com\/index.php\/2024\/09\/20\/catorce-anos-innovando-para-acompanar-a-las-marcas-en-su-desarrollo\/","title":{"rendered":"CATORCE A\u00d1OS INNOVANDO PARA ACOMPA\u00d1AR A LAS MARCAS EN SU DESARROLLO"},"content":{"rendered":"<p>Brandesign est\u00e1 de aniversario y lo festeja con la satisfacci\u00f3n del deber cumplido con sus clientes, y con la emoci\u00f3n de recibir un galard\u00f3n en Costa Rica como \u2018Business Management Awards 2024\u2019.<\/p>\n<p><img loading=\"lazy\" decoding=\"async\" class=\"alignnone size-medium wp-image-1737\" src=\"https:\/\/periodicolarepublica.com\/wp-content\/uploads\/2024\/09\/Picsart_24-09-19_20-06-56-850-300x217.jpg\" alt=\"\" width=\"300\" height=\"217\" \/><\/p>\n<p>Santo Domingo<\/p>\n<p>\u201c\u00a1Qu\u00e9 satisfacci\u00f3n da celebrar un aniversario m\u00e1s siendo galardonados por Global Business Corporation, de Costa Rica, en los \u2018Business Management Awards 2024\u2019, lo cual evidencia que el compromiso asumido por Brandesign durante los 14 a\u00f1os que tenemos, ha valido la pena y ha trascendido las fronteras!\u201d, sostiene Bacilio Valenzuela, gerente general de la firma.<\/p>\n<p>Para el ejecutivo, ha sido todo un trayecto de entrega y esfuerzo llegar hasta d\u00f3nde hoy se encuentran, dada la cantidad de negocios que existen en el mercado ofreciendo el tipo de servicio que brindan. \u201cSin embargo, ha quedado demostrado que no importa cu\u00e1ntos o cu\u00e1les sean, hacer la diferencia con la calidad, la innovaci\u00f3n y el compromiso es lo que cuenta para tener una permanencia que perdure en el tiempo\u201d, asegura.<\/p>\n<p>La muestra de lo expresado la evidencia el hecho de que el trabajo en equipo que realizan en Brandesign, ha llegado precisamente a Costa Rica, donde en su d\u00e9cimo segunda edici\u00f3n, Global Business Corporation los nomina en la categor\u00eda de Innovaci\u00f3n Empresarial en el Rubro Servicios de Publicidad y Marketing, alz\u00e1ndose con el premio que ha de ser entregado en el pr\u00f3ximo mes de octubre.<\/p>\n<p>Aprovechando que la buena nueva lleg\u00f3 justo en su 14 aniversario, Valenzuela tambi\u00e9n destac\u00f3 la invitaci\u00f3n externada por los organizadores de la premiaci\u00f3n, quienes les pidieron a los ejecutivos de Brandesign participar de la Cumbre Internacional de Empresarios que ellos realizan, a trav\u00e9s de la cual quieren mostrar en el \u00e1mbito internacional el trabajo que viene realizando esta firma local.<\/p>\n<p>Transformaci\u00f3n<\/p>\n<p>A lo largo de su desarrollo, esta marca que cada a\u00f1o escoge un concepto para definir su norte y con ello, el de las empresas que acompa\u00f1a en su crecimiento, en esta ocasi\u00f3n eligi\u00f3 \u2018Transformando el 2024\u2019, concepto con el que busca precisamente lograr las transformaciones pertinentes, no s\u00f3lo en lo que hacen, sino en sus actitudes y aptitudes para ser cada vez m\u00e1s competentes y comprometidos con los cambios de los nuevos tiempos.<\/p>\n<p>Darlina Reynoso, CEO de la firma, resalta que desde el d\u00eda uno del nacimiento de este proyecto, han trabajado basados en la excelencia, la innovaci\u00f3n, la calidad y el buen servicio. \u201cPor eso es que hemos experimentado un notable crecimiento, evidenciado tanto por la incorporaci\u00f3n de nuevos clientes a nuestra cartera como por la alta demanda de nuestros productos y servicios. Nos enfocamos en peque\u00f1as y medianas empresas, grandes corporaciones y startups, con un crecimiento diferenciador en el sector de grandes corporaciones\u201d, puntualiza la ejecutiva de la firma que concentra su trabajo en estrategia de marca, marketing digital, animaci\u00f3n 3D, producci\u00f3n de videos, dise\u00f1o gr\u00e1fico, eventos corporativos y relaciones p\u00fablicas.<\/p>\n<p>BRANDESIGN, S.R.L.<\/p>\n<p>Nace con el objetivo de acompa\u00f1ar a empresas en su crecimiento y desarrollo, con soluciones integrales de branding y publicidad, orientadas a lograr resultados relevantes y rentables. Se origina en el a\u00f1o 2010, cuando Bacilio Valenzuela, su fundador, inspirado en poner al servicio sus conocimientos de marketing y publicidad, crea la agencia B &amp; D Gesti\u00f3n Publicitaria, que posteriormente se convierte en B &amp; D Branding Design, cuando se transforma en agencia digital en el 2017. En los pr\u00f3ximos a\u00f1os contin\u00faa desarroll\u00e1ndose y moderniz\u00e1ndose; en el 2021 realiza un rebranding de marca transform\u00e1ndose en BRANDESIGN, con nuevas l\u00edneas de negocio, nuevas tecnolog\u00edas y personal a\u00fan m\u00e1s capacitado, brindando estrategias de branding 360, que incluyen planes para el desarrollo de marca, desde investigaci\u00f3n de mercado, conceptualizaci\u00f3n y desarrollo de campa\u00f1as creativas, comunicaci\u00f3n corporativa, publicidad, eventos y relaciones p\u00fablicas.<\/p>\n<p>Liderados por su gerente general, Bacilio Valenzuela, junto a Darlina Reynoso, CEO, tienen la misi\u00f3n de potenciar las marcas de sus clientes garantizando una gesti\u00f3n de branding innovadora, creando soluciones de marketing y publicidad eficientes para mantener su competitividad en el mundo empresarial actual, basados en la profesionalidad, la creatividad, el servicio diferenciador y la pasi\u00f3n de sus talentos.<\/p>\n","protected":false},"excerpt":{"rendered":"<p>Brandesign est\u00e1 de aniversario y lo festeja con la satisfacci\u00f3n del deber cumplido con sus clientes, y con la emoci\u00f3n de recibir un galard\u00f3n en Costa Rica como \u2018Business Management Awards 2024\u2019. Santo Domingo \u201c\u00a1Qu\u00e9 satisfacci\u00f3n da celebrar un aniversario m\u00e1s siendo galardonados por Global Business Corporation, de Costa Rica, en los \u2018Business Management Awards [&hellip;]<\/p>\n","protected":false},"author":6,"featured_media":0,"comment_status":"open","ping_status":"open","sticky":false,"template":"","format":"standard","meta":{"om_disable_all_campaigns":false,"_monsterinsights_skip_tracking":false,"_monsterinsights_sitenote_active":false,"_monsterinsights_sitenote_note":"","_monsterinsights_sitenote_category":0,"footnotes":""},"categories":[1],"tags":[],"class_list":{"0":"post-1736","1":"post","2":"type-post","3":"status-publish","4":"format-standard","6":"category-nacionales"},"aioseo_notices":[],"_links":{"self":[{"href":"https:\/\/periodicolarepublica.com\/index.php\/wp-json\/wp\/v2\/posts\/1736","targetHints":{"allow":["GET"]}}],"collection":[{"href":"https:\/\/periodicolarepublica.com\/index.php\/wp-json\/wp\/v2\/posts"}],"about":[{"href":"https:\/\/periodicolarepublica.com\/index.php\/wp-json\/wp\/v2\/types\/post"}],"author":[{"embeddable":true,"href":"https:\/\/periodicolarepublica.com\/index.php\/wp-json\/wp\/v2\/users\/6"}],"replies":[{"embeddable":true,"href":"https:\/\/periodicolarepublica.com\/index.php\/wp-json\/wp\/v2\/comments?post=1736"}],"version-history":[{"count":1,"href":"https:\/\/periodicolarepublica.com\/index.php\/wp-json\/wp\/v2\/posts\/1736\/revisions"}],"predecessor-version":[{"id":1738,"href":"https:\/\/periodicolarepublica.com\/index.php\/wp-json\/wp\/v2\/posts\/1736\/revisions\/1738"}],"wp:attachment":[{"href":"https:\/\/periodicolarepublica.com\/index.php\/wp-json\/wp\/v2\/media?parent=1736"}],"wp:term":[{"taxonomy":"category","embeddable":true,"href":"https:\/\/periodicolarepublica.com\/index.php\/wp-json\/wp\/v2\/categories?post=1736"},{"taxonomy":"post_tag","embeddable":true,"href":"https:\/\/periodicolarepublica.com\/index.php\/wp-json\/wp\/v2\/tags?post=1736"}],"curies":[{"name":"wp","href":"https:\/\/api.w.org\/{rel}","templated":true}]}}