{"id":1739,"date":"2024-09-20T02:39:52","date_gmt":"2024-09-20T00:39:52","guid":{"rendered":"https:\/\/periodicolarepublica.com\/?p=1739"},"modified":"2024-09-20T02:39:52","modified_gmt":"2024-09-20T00:39:52","slug":"vicepresidenta-raquel-pena-da-inicio-a-construccion-de-la-uasd-en-santo-domingo-este","status":"publish","type":"post","link":"https:\/\/periodicolarepublica.com\/index.php\/2024\/09\/20\/vicepresidenta-raquel-pena-da-inicio-a-construccion-de-la-uasd-en-santo-domingo-este\/","title":{"rendered":"Vicepresidenta Raquel Pe\u00f1a da inicio a construcci\u00f3n de la UASD en Santo Domingo Este"},"content":{"rendered":"<p>Santo Domingo Este, RD. &#8211; Con la colocaci\u00f3n del primer bloque de cemento, la vicepresidenta de la Rep\u00fablica, Raquel Pe\u00f1a, dej\u00f3 iniciados los trabajos para la construcci\u00f3n de la nueva extensi\u00f3n de la Universidad Aut\u00f3noma de Santo Domingo (UASD) en el municipio Santo Domingo Este (SDE), junto al ministro de Vivienda y Edificaciones (MIVED), Carlos Bonilla.<\/p>\n<p><img loading=\"lazy\" decoding=\"async\" class=\"alignnone size-medium wp-image-1740\" src=\"https:\/\/periodicolarepublica.com\/wp-content\/uploads\/2024\/09\/IMG-20240919-WA0075-300x200.jpg\" alt=\"\" width=\"300\" height=\"200\" \/><\/p>\n<p>Este centro de estudios, que fue demandado por d\u00e9cadas,impactar\u00e1 a miles de estudiantes de Santo Domingo Este y distritos municipales aleda\u00f1os, quienes ya no tendr\u00e1n que trasladarse al Distrito Nacional para recibir docencia, descongestionando as\u00ed la sede principal de la UASD.<\/p>\n<p>La edificaci\u00f3n universitaria aportar\u00e1 80 nuevas aulas al sistema de educaci\u00f3n superior, y tendr\u00e1 capacidad para 4,390 estudiantes, con una inversi\u00f3n de RD$1,595 millones en la estructura f\u00edsica.<\/p>\n<p>Durante el acto simb\u00f3lico, la vicemandataria destac\u00f3 que esta extensi\u00f3n de la UASD se une a otras siete a nivel nacional, y es una forma de celebrar el crecimiento de la alta casa de estudios y afianzar el compromiso con los principios fundamentales de accesibilidad, calidad y servicio a la comunidad que la definen.<\/p>\n<p>\u201cEsta nueva sede en Santo Domingo Este, es una prueba viva de que la educaci\u00f3n es el motor del desarrollo y la gu\u00eda para un pa\u00eds que avanza hacia la prosperidad\u201d, agreg\u00f3 Pe\u00f1a, tras agregar que se trata de una obra que abraza el crecimiento y desarrollo integral de todos los j\u00f3venes de que ya no tendr\u00e1n que viajar largas distancias para recibir una educaci\u00f3n a la altura y en las condiciones que merecen.<\/p>\n<p>Por su parte, el ministro Bonilla dijo que \u201cpara que haya desarrollo en una sociedad es necesario impulsar la educaci\u00f3n y hacerla accesible a las personas. Este proyecto permitir\u00e1 que miles de j\u00f3venes que actualmente deben trasladarse a la Sede del Distrito Nacional de la UASD para poder estudiar cuenten con un centro de educaci\u00f3n superior mucho m\u00e1s cerca de sus viviendas, disminuyendo costos para ellos y sus familias en t\u00e9rminos de tiempo, dinero y esfuerzo\u201d.<\/p>\n<p>Mientras, el rector de la UASD, Editrudis Beltr\u00e1n, destac\u00f3 que \u201cdesde 2006, la UASD ha trabajado en acercar la educaci\u00f3n superior a las comunidades de Santo Domingo Este, facilitando el acceso a estudiantes de zonas como Los Mina, Guerra y Boca Chica. Destaco al presidente Abinader, quien antes de asumir el cargo le hab\u00eda prometido: \u201cCuando yo sea presidente, voy a construir una ciudad universitaria en ese municipio\u201d.<\/p>\n<p>En el Centro UASD-Santo Domingo Este, el MIVED construir\u00e1 cinco edificios docentes de tres niveles, adem\u00e1s de edificios administrativos.<\/p>\n<p>La infraestructura contar\u00e1 con aula inteligente, 14 laboratorios, biblioteca, auditorio, cinco aulas de postgrado, dispensario m\u00e9dico, estancia infantil, economato y comedor.<\/p>\n<p>Tambi\u00e9n tendr\u00e1 \u00e1reas recreativas y de deporte que se dividir\u00e1n en cancha deportiva, plaza patri\u00f3tica y un multiuso techado, adem\u00e1s de instalaciones comunes, como \u00e1rea de servicio, \u00e1rea de madre nutricia y un punto de expendio.<\/p>\n<p>De igual manera, un acceso principal peatonal y vehicular, con 320 plazas de estacionamiento vehicular, que se dividir\u00e1n en 313 para veh\u00edculos livianos y siete para autobuses.<\/p>\n<p>Este centro se levantar\u00e1 sobre 307,997.74 metros cuadrados de \u00e1rea en solar, con 46,910.96 metros cuadrados de construcci\u00f3n.<\/p>\n<p>Solo este a\u00f1o, el Gobierno del presidente Luis Abinader, a trav\u00e9s del Ministerio de Vivienda y Edificaciones, ha inaugurado las extensiones de la UASD en las provincias Peravia, Azua y Hato Mayor, impactando a miles de estudiantes de las regiones Sur y Este del pa\u00eds.<\/p>\n<p>Adicional a esta obra que inicia este jueves, el MIVED construye extensiones de la UASD en las provincias Bahoruco, Santiago Rodr\u00edguez y S\u00e1nchez Ram\u00edrez.<\/p>\n<p>Tambi\u00e9n acompa\u00f1aron a la vicepresidenta Raquel Pe\u00f1a, el ministro de Educaci\u00f3n Superior, Ciencia y Tecnolog\u00eda, Franklin Garc\u00eda Ferm\u00edn; la gobernadora de Santo Domingo, Lucrecia Santana; el senador de Santo Domingo, Antonio Taveras Guzm\u00e1n; el alcalde de Santo Domingo Este, Dio Astacio; los diputados Bol\u00edvar Valera, Juan Jos\u00e9 Rojas, Jean Carlos Simanca, Dellys Feliz, Abelardo Rutinel y Jorge Fr\u00edas.<\/p>\n","protected":false},"excerpt":{"rendered":"<p>Santo Domingo Este, RD. &#8211; Con la colocaci\u00f3n del primer bloque de cemento, la vicepresidenta de la Rep\u00fablica, Raquel Pe\u00f1a, dej\u00f3 iniciados los trabajos para la construcci\u00f3n de la nueva extensi\u00f3n de la Universidad Aut\u00f3noma de Santo Domingo (UASD) en el municipio Santo Domingo Este (SDE), junto al ministro de Vivienda y Edificaciones (MIVED), Carlos [&hellip;]<\/p>\n","protected":false},"author":6,"featured_media":0,"comment_status":"open","ping_status":"open","sticky":false,"template":"","format":"standard","meta":{"om_disable_all_campaigns":false,"_monsterinsights_skip_tracking":false,"_monsterinsights_sitenote_active":false,"_monsterinsights_sitenote_note":"","_monsterinsights_sitenote_category":0,"footnotes":""},"categories":[1],"tags":[],"class_list":{"0":"post-1739","1":"post","2":"type-post","3":"status-publish","4":"format-standard","6":"category-nacionales"},"aioseo_notices":[],"_links":{"self":[{"href":"https:\/\/periodicolarepublica.com\/index.php\/wp-json\/wp\/v2\/posts\/1739","targetHints":{"allow":["GET"]}}],"collection":[{"href":"https:\/\/periodicolarepublica.com\/index.php\/wp-json\/wp\/v2\/posts"}],"about":[{"href":"https:\/\/periodicolarepublica.com\/index.php\/wp-json\/wp\/v2\/types\/post"}],"author":[{"embeddable":true,"href":"https:\/\/periodicolarepublica.com\/index.php\/wp-json\/wp\/v2\/users\/6"}],"replies":[{"embeddable":true,"href":"https:\/\/periodicolarepublica.com\/index.php\/wp-json\/wp\/v2\/comments?post=1739"}],"version-history":[{"count":1,"href":"https:\/\/periodicolarepublica.com\/index.php\/wp-json\/wp\/v2\/posts\/1739\/revisions"}],"predecessor-version":[{"id":1741,"href":"https:\/\/periodicolarepublica.com\/index.php\/wp-json\/wp\/v2\/posts\/1739\/revisions\/1741"}],"wp:attachment":[{"href":"https:\/\/periodicolarepublica.com\/index.php\/wp-json\/wp\/v2\/media?parent=1739"}],"wp:term":[{"taxonomy":"category","embeddable":true,"href":"https:\/\/periodicolarepublica.com\/index.php\/wp-json\/wp\/v2\/categories?post=1739"},{"taxonomy":"post_tag","embeddable":true,"href":"https:\/\/periodicolarepublica.com\/index.php\/wp-json\/wp\/v2\/tags?post=1739"}],"curies":[{"name":"wp","href":"https:\/\/api.w.org\/{rel}","templated":true}]}}