{"id":1746,"date":"2024-09-22T18:35:42","date_gmt":"2024-09-22T16:35:42","guid":{"rendered":"https:\/\/periodicolarepublica.com\/?p=1746"},"modified":"2024-09-22T18:35:42","modified_gmt":"2024-09-22T16:35:42","slug":"el-ing-tomas-hernandez-alberto-reafirma-su-compromiso-con-el-presidente-luis-abinader-y-el-prm","status":"publish","type":"post","link":"https:\/\/periodicolarepublica.com\/index.php\/2024\/09\/22\/el-ing-tomas-hernandez-alberto-reafirma-su-compromiso-con-el-presidente-luis-abinader-y-el-prm\/","title":{"rendered":"El ING Tom\u00e1s Hern\u00e1ndez Alberto Reafirma Su Compromiso con el Presidente Luis Abinader y el PRM"},"content":{"rendered":"\r\n<p><img loading=\"lazy\" decoding=\"async\" class=\"size-medium wp-image-1477 alignright\" src=\"https:\/\/periodicolarepublica.com\/wp-content\/uploads\/2024\/08\/IMG-20240817-WA0035-240x300.jpg\" alt=\"\" width=\"240\" height=\"300\" srcset=\"https:\/\/periodicolarepublica.com\/wp-content\/uploads\/2024\/08\/IMG-20240817-WA0035-240x300.jpg?v=1723906321 240w, https:\/\/periodicolarepublica.com\/wp-content\/uploads\/2024\/08\/IMG-20240817-WA0035-150x187.jpg?v=1723906321 150w, https:\/\/periodicolarepublica.com\/wp-content\/uploads\/2024\/08\/IMG-20240817-WA0035-300x375.jpg?v=1723906321 300w, https:\/\/periodicolarepublica.com\/wp-content\/uploads\/2024\/08\/IMG-20240817-WA0035-600x749.jpg?v=1723906321 600w, https:\/\/periodicolarepublica.com\/wp-content\/uploads\/2024\/08\/IMG-20240817-WA0035.jpg?v=1723906321 659w\" sizes=\"auto, (max-width: 240px) 100vw, 240px\" \/>Un l\u00edder comprometido con el desarrollo y bienestar del pueblo<br \/><br \/>Santo Domingo- El Ingeniero Tom\u00e1s Hern\u00e1ndez Alberto, un destacado miembro del Movimiento Poder P&#8217;AL Pueblo, reafirma su lealtad al presidente Luis Abinader y al Partido Revolucionario Moderno (PRM). Su compromiso con el desarrollo y bienestar de la comunidad se refleja en su trabajo constante y en su llamado a la unidad para enfrentar los desaf\u00edos actuales.<br \/><br \/>\u201cMi misi\u00f3n es trabajar de la mano con el presidente Abinader para garantizar un futuro pr\u00f3spero para todos los dominicanos. Juntos, podemos lograr un cambio real\u201d, afirm\u00f3 Tom\u00e1s Hern\u00e1ndez.<\/p>\r\n","protected":false},"excerpt":{"rendered":"<p>Un l\u00edder comprometido con el desarrollo y bienestar del pueblo Santo Domingo- El Ingeniero Tom\u00e1s Hern\u00e1ndez Alberto, un destacado miembro del Movimiento Poder P&#8217;AL Pueblo, reafirma su lealtad al presidente Luis Abinader y al Partido Revolucionario Moderno (PRM). Su compromiso con el desarrollo y bienestar de la comunidad se refleja en su trabajo constante y [&hellip;]<\/p>\n","protected":false},"author":6,"featured_media":1477,"comment_status":"open","ping_status":"open","sticky":false,"template":"","format":"standard","meta":{"om_disable_all_campaigns":false,"_monsterinsights_skip_tracking":false,"_monsterinsights_sitenote_active":false,"_monsterinsights_sitenote_note":"","_monsterinsights_sitenote_category":0,"footnotes":""},"categories":[1],"tags":[163],"class_list":{"0":"post-1746","1":"post","2":"type-post","3":"status-publish","4":"format-standard","5":"has-post-thumbnail","7":"category-nacionales","8":"tag-tomas-hernandez-alberto"},"aioseo_notices":[],"_links":{"self":[{"href":"https:\/\/periodicolarepublica.com\/index.php\/wp-json\/wp\/v2\/posts\/1746","targetHints":{"allow":["GET"]}}],"collection":[{"href":"https:\/\/periodicolarepublica.com\/index.php\/wp-json\/wp\/v2\/posts"}],"about":[{"href":"https:\/\/periodicolarepublica.com\/index.php\/wp-json\/wp\/v2\/types\/post"}],"author":[{"embeddable":true,"href":"https:\/\/periodicolarepublica.com\/index.php\/wp-json\/wp\/v2\/users\/6"}],"replies":[{"embeddable":true,"href":"https:\/\/periodicolarepublica.com\/index.php\/wp-json\/wp\/v2\/comments?post=1746"}],"version-history":[{"count":2,"href":"https:\/\/periodicolarepublica.com\/index.php\/wp-json\/wp\/v2\/posts\/1746\/revisions"}],"predecessor-version":[{"id":1751,"href":"https:\/\/periodicolarepublica.com\/index.php\/wp-json\/wp\/v2\/posts\/1746\/revisions\/1751"}],"wp:featuredmedia":[{"embeddable":true,"href":"https:\/\/periodicolarepublica.com\/index.php\/wp-json\/wp\/v2\/media\/1477"}],"wp:attachment":[{"href":"https:\/\/periodicolarepublica.com\/index.php\/wp-json\/wp\/v2\/media?parent=1746"}],"wp:term":[{"taxonomy":"category","embeddable":true,"href":"https:\/\/periodicolarepublica.com\/index.php\/wp-json\/wp\/v2\/categories?post=1746"},{"taxonomy":"post_tag","embeddable":true,"href":"https:\/\/periodicolarepublica.com\/index.php\/wp-json\/wp\/v2\/tags?post=1746"}],"curies":[{"name":"wp","href":"https:\/\/api.w.org\/{rel}","templated":true}]}}