{"id":1752,"date":"2024-09-22T19:01:22","date_gmt":"2024-09-22T17:01:22","guid":{"rendered":"https:\/\/periodicolarepublica.com\/?p=1752"},"modified":"2024-09-22T19:01:22","modified_gmt":"2024-09-22T17:01:22","slug":"rd-sera-sede-de-la-primera-cumbre-de-onu-turismo-para-africa-y-las-americas","status":"publish","type":"post","link":"https:\/\/periodicolarepublica.com\/index.php\/2024\/09\/22\/rd-sera-sede-de-la-primera-cumbre-de-onu-turismo-para-africa-y-las-americas\/","title":{"rendered":"RD ser\u00e1 sede de la primera  cumbre de ONU Turismo para \u00c1frica y las Am\u00e9ricas"},"content":{"rendered":"<p>Santo Domingo.- Rep\u00fablica Dominicana ser\u00e1 la sede del encuentro de dos continentes en la primera cumbre de ONU Turismo para \u00c1frica y las Am\u00e9ricas, \u00a0a celebrarse del 3 al 5 de octubre, en Punta Cana.<\/p>\n<p><img loading=\"lazy\" decoding=\"async\" class=\"alignnone size-medium wp-image-1753\" src=\"https:\/\/periodicolarepublica.com\/wp-content\/uploads\/2024\/09\/mt-300x156.jpg\" alt=\"\" width=\"300\" height=\"156\" \/><\/p>\n<p>El acto de apertura al importante c\u00f3nclave, que pretende acercar a ambas regiones a nivel del turismo, estar\u00e1 encabezado por el presidente Luis Abinader y el ministro de Turismo, David Collado, quien a su vez, tendr\u00e1 a su cargo las palabras de apertura del acto pautado para iniciar el jueves 3 de octubre, a las 10 de la ma\u00f1ana.<\/p>\n<p>Seguir\u00e1n al ministro Collado, con palabras de bienvenida, Louis Steven Obeegadoo, Ministro de Turismo de la Rep\u00fablica de Mauricio y presidente de la Comisi\u00f3n Regional para \u00c1frica, adem\u00e1s de Zurab Pololikashvili, Secretario General de ONU Turismo.<\/p>\n<p>El evento, organizado por ONU Turismo a iniciativa de Rep\u00fablica Dominicana y tendr\u00e1 por lema \u201cPromoviendo la cooperaci\u00f3n Sur-Sur a trav\u00e9s de la inversi\u00f3n Educaci\u00f3n, Cultura, Industrias Creativas e Innovaci\u00f3n\u201d.<\/p>\n<p>Durante los tres d\u00edas de actividades, que tendr\u00e1 lugar en hotel el Paradisus Palma Real Golf &amp; Spa Resort, se llevar\u00e1n a cabo reuniones, ponencias y sesiones de alto nivel, en el que ministros, acad\u00e9micos, expertos y actores de la industria de ambas regiones discutir\u00e1n los retos, desafios, oportunidades de inversi\u00f3n, pr\u00e1cticas sostenibles, turismo accesible, innovaci\u00f3n, cultura, historia y las oportunidades de crecimiento m\u00fatuo entre ambos continentes.<\/p>\n<p>El mandatario dominicano, \u00a0Luis Abinader, tendr\u00e1 una participaci\u00f3n especial en el marco de este primer d\u00eda de ponencias, donde se referir\u00e1 a la importancia que reviste para el pa\u00eds la celebraci\u00f3n de esta Primera Cumbre de ONU Turismo para \u00c1frica y las Am\u00e9ricas.<\/p>\n<p>Por su parte, el ministro Collado expondr\u00e1 el tema: \u201cModelo exitoso de gesti\u00f3n p\u00fablica y privada para el desarrollo tur\u00edstico\u201d, agendado para el viernes 4 a las 11:45 de la ma\u00f1ana.<\/p>\n","protected":false},"excerpt":{"rendered":"<p>Santo Domingo.- Rep\u00fablica Dominicana ser\u00e1 la sede del encuentro de dos continentes en la primera cumbre de ONU Turismo para \u00c1frica y las Am\u00e9ricas, \u00a0a celebrarse del 3 al 5 de octubre, en Punta Cana. El acto de apertura al importante c\u00f3nclave, que pretende acercar a ambas regiones a nivel del turismo, estar\u00e1 encabezado por [&hellip;]<\/p>\n","protected":false},"author":6,"featured_media":0,"comment_status":"open","ping_status":"open","sticky":false,"template":"","format":"standard","meta":{"om_disable_all_campaigns":false,"_monsterinsights_skip_tracking":false,"_monsterinsights_sitenote_active":false,"_monsterinsights_sitenote_note":"","_monsterinsights_sitenote_category":0,"footnotes":""},"categories":[1,20],"tags":[],"class_list":{"0":"post-1752","1":"post","2":"type-post","3":"status-publish","4":"format-standard","6":"category-nacionales","7":"category-turismo"},"aioseo_notices":[],"_links":{"self":[{"href":"https:\/\/periodicolarepublica.com\/index.php\/wp-json\/wp\/v2\/posts\/1752","targetHints":{"allow":["GET"]}}],"collection":[{"href":"https:\/\/periodicolarepublica.com\/index.php\/wp-json\/wp\/v2\/posts"}],"about":[{"href":"https:\/\/periodicolarepublica.com\/index.php\/wp-json\/wp\/v2\/types\/post"}],"author":[{"embeddable":true,"href":"https:\/\/periodicolarepublica.com\/index.php\/wp-json\/wp\/v2\/users\/6"}],"replies":[{"embeddable":true,"href":"https:\/\/periodicolarepublica.com\/index.php\/wp-json\/wp\/v2\/comments?post=1752"}],"version-history":[{"count":1,"href":"https:\/\/periodicolarepublica.com\/index.php\/wp-json\/wp\/v2\/posts\/1752\/revisions"}],"predecessor-version":[{"id":1754,"href":"https:\/\/periodicolarepublica.com\/index.php\/wp-json\/wp\/v2\/posts\/1752\/revisions\/1754"}],"wp:attachment":[{"href":"https:\/\/periodicolarepublica.com\/index.php\/wp-json\/wp\/v2\/media?parent=1752"}],"wp:term":[{"taxonomy":"category","embeddable":true,"href":"https:\/\/periodicolarepublica.com\/index.php\/wp-json\/wp\/v2\/categories?post=1752"},{"taxonomy":"post_tag","embeddable":true,"href":"https:\/\/periodicolarepublica.com\/index.php\/wp-json\/wp\/v2\/tags?post=1752"}],"curies":[{"name":"wp","href":"https:\/\/api.w.org\/{rel}","templated":true}]}}