{"id":1756,"date":"2024-09-24T21:43:06","date_gmt":"2024-09-24T19:43:06","guid":{"rendered":"https:\/\/periodicolarepublica.com\/?p=1756"},"modified":"2024-09-24T21:43:06","modified_gmt":"2024-09-24T19:43:06","slug":"rd-reafirma-compromiso-para-alcanzar-cobertura-sanitaria-universal-al-2030","status":"publish","type":"post","link":"https:\/\/periodicolarepublica.com\/index.php\/2024\/09\/24\/rd-reafirma-compromiso-para-alcanzar-cobertura-sanitaria-universal-al-2030\/","title":{"rendered":"RD reafirma compromiso para alcanzar Cobertura Sanitaria Universal al 2030"},"content":{"rendered":"\r\n<p><img loading=\"lazy\" decoding=\"async\" class=\"size-medium wp-image-1761 alignright\" src=\"https:\/\/periodicolarepublica.com\/wp-content\/uploads\/2024\/09\/IMG-20240924-WA0066-225x300.jpg\" alt=\"\" width=\"225\" height=\"300\" \/>V\u00edctor Atallah, en la Reuni\u00f3n Ministerial del Grupo de Amigos de la Cobertura Universal de Salud (UHC) y la Salud Global\u201d detall\u00f3 las acciones que desarrollan con ese objetivo.<br \/><br \/>New York,EE .UU.-Rep\u00fablica Dominicana est\u00e1 comprometida a alcanzar la Cobertura Sanitaria Universal para el 2030, y en ese orden desarrolla acciones concretas, como la \u201cPol\u00edtica de Acceso Universal a la Salud y la Seguridad Social\u201d, dentro de la estrategia central del Gobierno para 2025-2028, que busca garantizar el derecho a la salud de la poblaci\u00f3n, dijo V\u00edctor Atallah, ministro de Salud, durante su intervenci\u00f3n este martes en la \u201cReuni\u00f3n Ministerial del Grupo de Amigos de la Cobertura Universal de Salud (UHC) y la Salud Global\u201den la ONU.<br \/><br \/>El funcionario afirm\u00f3 que para ello se cuenta con los recursos financieros adecuados, y la implementaci\u00f3n de un modelo de gesti\u00f3n hospitalaria eficiente y resalt\u00f3 dos importantes iniciativas que est\u00e1n contribuyendo a lograr esa meta.<br \/><br \/>\u201cMe enorgullece destacar dos iniciativas clave: la primera es la estrategia HEARTS, que se est\u00e1 aplicando en todo el pa\u00eds para prevenir y controlar las enfermedades cardiovasculares, especialmente la hipertensi\u00f3n, fortaleciendo la atenci\u00f3n primaria. La segunda es nuestra estrategia nacional basada en el enfoque de Una Salud, tomando en cuenta la interconexi\u00f3n entre la salud humana, animal y ambiental\u201d manifest\u00f3 el funcionario.<br \/><br \/>Adem\u00e1s, indic\u00f3 que se han coordinado acciones para enfrentar desaf\u00edos como la resistencia antimicrobiana y las enfermedades zoon\u00f3ticas, asegurando un sistema de salud sostenible.<br \/><br \/>V\u00edctor Allah explic\u00f3 que dentro de la estrategia se trabaja un plan de \u00abSalud Escolar\u00bb a implementarse a partir de 2025, en los diversos centros educativos, y se proyecta que tendr\u00e1 un impacto en 2.2 millones de ni\u00f1os, ni\u00f1as y adolescentes de todo el territorio dominicano. Del mismo modo se desarrollan acciones para garantizar la salud y seguridad laboral.<br \/><br \/>No obstante, V\u00edctor Atallah manifest\u00f3 que, \u201ca pesar de nuestros avances, a\u00fan tenemos un camino por recorrer hacia la salud universal, pero, Rep\u00fablica Dominicana reafirma su firme compromiso para garantizar sistemas de salud inclusivos y resilientes.<br \/><br \/>La Reuni\u00f3n Ministerial del Grupo de Amigos de la Cobertura Universal de Salud (UHC) y la Salud Global\u201d que se desarrolla en su 5ta versi\u00f3n, reuni\u00f3 a ministros de Salud, l\u00edderes globales, tomadores de decisiones y otros entes de inter\u00e9s que buscan asumir los compromisos pol\u00edticos que permitan reforzar los sistemas sanitarios para las generaciones futuras.<br \/><br \/>La \u201cCobertura Sanitaria Universal\u201d, representa el derecho de todas las personas a servicios de salud de calidad, accesibles, asequibles y disponibles para toda la poblaci\u00f3n. <br \/><br \/>La misma se llev\u00f3 a cabo en el Sal\u00f3n de Conferencias 2 de la Sede de las Naciones Unidas en la Ciudad de Nueva York, como parte de las actividades de la 79 Asamblea General de las Naciones Unidas (ONU).<br \/><br \/>V\u00edctor Atallah acompa\u00f1a al presidente Luis Abinader, en el marco del 79\u00ba per\u00edodo de sesiones de la Asamblea General de las Naciones Unidas (ONU) y forma parte de varios eventos clave en temas de salud, colaborando en la proyecci\u00f3n internacional de los avances de Rep\u00fablica Dominicana en materia de salud p\u00fablica y fortaleciendo la cooperaci\u00f3n multilateral.<\/p>\r\n","protected":false},"excerpt":{"rendered":"<p>V\u00edctor Atallah, en la Reuni\u00f3n Ministerial del Grupo de Amigos de la Cobertura Universal de Salud (UHC) y la Salud Global\u201d detall\u00f3 las acciones que desarrollan con ese objetivo. New York,EE .UU.-Rep\u00fablica Dominicana est\u00e1 comprometida a alcanzar la Cobertura Sanitaria Universal para el 2030, y en ese orden desarrolla acciones concretas, como la \u201cPol\u00edtica de [&hellip;]<\/p>\n","protected":false},"author":6,"featured_media":0,"comment_status":"open","ping_status":"open","sticky":false,"template":"","format":"standard","meta":{"om_disable_all_campaigns":false,"_monsterinsights_skip_tracking":false,"_monsterinsights_sitenote_active":false,"_monsterinsights_sitenote_note":"","_monsterinsights_sitenote_category":0,"footnotes":""},"categories":[1],"tags":[175,161],"class_list":{"0":"post-1756","1":"post","2":"type-post","3":"status-publish","4":"format-standard","6":"category-nacionales","7":"tag-ministro-de-salud-publica","8":"tag-victor-atallah"},"aioseo_notices":[],"_links":{"self":[{"href":"https:\/\/periodicolarepublica.com\/index.php\/wp-json\/wp\/v2\/posts\/1756","targetHints":{"allow":["GET"]}}],"collection":[{"href":"https:\/\/periodicolarepublica.com\/index.php\/wp-json\/wp\/v2\/posts"}],"about":[{"href":"https:\/\/periodicolarepublica.com\/index.php\/wp-json\/wp\/v2\/types\/post"}],"author":[{"embeddable":true,"href":"https:\/\/periodicolarepublica.com\/index.php\/wp-json\/wp\/v2\/users\/6"}],"replies":[{"embeddable":true,"href":"https:\/\/periodicolarepublica.com\/index.php\/wp-json\/wp\/v2\/comments?post=1756"}],"version-history":[{"count":2,"href":"https:\/\/periodicolarepublica.com\/index.php\/wp-json\/wp\/v2\/posts\/1756\/revisions"}],"predecessor-version":[{"id":1762,"href":"https:\/\/periodicolarepublica.com\/index.php\/wp-json\/wp\/v2\/posts\/1756\/revisions\/1762"}],"wp:attachment":[{"href":"https:\/\/periodicolarepublica.com\/index.php\/wp-json\/wp\/v2\/media?parent=1756"}],"wp:term":[{"taxonomy":"category","embeddable":true,"href":"https:\/\/periodicolarepublica.com\/index.php\/wp-json\/wp\/v2\/categories?post=1756"},{"taxonomy":"post_tag","embeddable":true,"href":"https:\/\/periodicolarepublica.com\/index.php\/wp-json\/wp\/v2\/tags?post=1756"}],"curies":[{"name":"wp","href":"https:\/\/api.w.org\/{rel}","templated":true}]}}