{"id":1764,"date":"2024-09-25T22:36:03","date_gmt":"2024-09-25T20:36:03","guid":{"rendered":"https:\/\/periodicolarepublica.com\/?p=1764"},"modified":"2024-09-25T22:36:03","modified_gmt":"2024-09-25T20:36:03","slug":"denuncian-cancelaciones-arbitrarias-en-la-direccion-de-embellecimiento","status":"publish","type":"post","link":"https:\/\/periodicolarepublica.com\/index.php\/2024\/09\/25\/denuncian-cancelaciones-arbitrarias-en-la-direccion-de-embellecimiento\/","title":{"rendered":"Denuncian Cancelaciones Arbitrarias en la Direcci\u00f3n de Embellecimiento"},"content":{"rendered":"\r\n<p><img loading=\"lazy\" decoding=\"async\" class=\"size-medium wp-image-1769 alignright\" src=\"https:\/\/periodicolarepublica.com\/wp-content\/uploads\/2024\/09\/IMG-20240925-WA0095-300x227.jpg\" alt=\"\" width=\"300\" height=\"227\" \/><br \/><br \/>Santo Domingo Este \u2013 La Direcci\u00f3n General de Embellecimiento, bajo la direcci\u00f3n del Sr. Rodolfo Valera Grull\u00f3n, enfrenta serias acusaciones de despidos arbitrarios que afectan a miembros del Partido Revolucionario Moderno (PRM). Estas acciones han sido calificadas por algunos como una \u00abcaza de brujas\u00bb contra los compa\u00f1eros de la base del partido. <br \/><br \/>En los \u00faltimos d\u00edas, varios empleados han recibido notificaciones de cancelaci\u00f3n de sus contratos, lo que ha generado un ambiente de incertidumbre y preocupaci\u00f3n entre los trabajadores. Los afectados denuncian que estas decisiones no se basan en el desempe\u00f1o laboral, sino en motivos pol\u00edticos. <br \/><br \/>Declaraciones de los afectados <br \/><br \/>Un grupo de empleados ha expresado su descontento: \u00abNos sentimos vulnerables y atacados por nuestra afiliaci\u00f3n pol\u00edtica. Esta situaci\u00f3n es injusta y no deber\u00eda ocurrir en un estado democr\u00e1tico.\u00bb <br \/><br \/>Reacciones: <br \/><br \/>La comunidad pol\u00edtica y social ha comenzado a manifestarse en apoyo a los trabajadores afectados, exigiendo transparencia y justicia en los procesos de cancelaci\u00f3n. Se hace un llamado a las autoridades competentes para que investiguen estas pr\u00e1cticas y garanticen la protecci\u00f3n de los derechos laborales.<\/p>\r\n","protected":false},"excerpt":{"rendered":"<p>Santo Domingo Este \u2013 La Direcci\u00f3n General de Embellecimiento, bajo la direcci\u00f3n del Sr. Rodolfo Valera Grull\u00f3n, enfrenta serias acusaciones de despidos arbitrarios que afectan a miembros del Partido Revolucionario Moderno (PRM). Estas acciones han sido calificadas por algunos como una \u00abcaza de brujas\u00bb contra los compa\u00f1eros de la base del partido. En los \u00faltimos [&hellip;]<\/p>\n","protected":false},"author":6,"featured_media":0,"comment_status":"open","ping_status":"open","sticky":false,"template":"","format":"standard","meta":{"om_disable_all_campaigns":false,"_monsterinsights_skip_tracking":false,"_monsterinsights_sitenote_active":false,"_monsterinsights_sitenote_note":"","_monsterinsights_sitenote_category":0,"footnotes":""},"categories":[1],"tags":[310],"class_list":{"0":"post-1764","1":"post","2":"type-post","3":"status-publish","4":"format-standard","6":"category-nacionales","7":"tag-embellecimiento"},"aioseo_notices":[],"_links":{"self":[{"href":"https:\/\/periodicolarepublica.com\/index.php\/wp-json\/wp\/v2\/posts\/1764","targetHints":{"allow":["GET"]}}],"collection":[{"href":"https:\/\/periodicolarepublica.com\/index.php\/wp-json\/wp\/v2\/posts"}],"about":[{"href":"https:\/\/periodicolarepublica.com\/index.php\/wp-json\/wp\/v2\/types\/post"}],"author":[{"embeddable":true,"href":"https:\/\/periodicolarepublica.com\/index.php\/wp-json\/wp\/v2\/users\/6"}],"replies":[{"embeddable":true,"href":"https:\/\/periodicolarepublica.com\/index.php\/wp-json\/wp\/v2\/comments?post=1764"}],"version-history":[{"count":2,"href":"https:\/\/periodicolarepublica.com\/index.php\/wp-json\/wp\/v2\/posts\/1764\/revisions"}],"predecessor-version":[{"id":1770,"href":"https:\/\/periodicolarepublica.com\/index.php\/wp-json\/wp\/v2\/posts\/1764\/revisions\/1770"}],"wp:attachment":[{"href":"https:\/\/periodicolarepublica.com\/index.php\/wp-json\/wp\/v2\/media?parent=1764"}],"wp:term":[{"taxonomy":"category","embeddable":true,"href":"https:\/\/periodicolarepublica.com\/index.php\/wp-json\/wp\/v2\/categories?post=1764"},{"taxonomy":"post_tag","embeddable":true,"href":"https:\/\/periodicolarepublica.com\/index.php\/wp-json\/wp\/v2\/tags?post=1764"}],"curies":[{"name":"wp","href":"https:\/\/api.w.org\/{rel}","templated":true}]}}