{"id":1768,"date":"2024-09-26T22:01:25","date_gmt":"2024-09-26T20:01:25","guid":{"rendered":"https:\/\/periodicolarepublica.com\/?p=1768"},"modified":"2024-09-26T22:01:25","modified_gmt":"2024-09-26T20:01:25","slug":"victor-atallah-propone-mayores-esfuerzos-para-enfrentar-desafios-ante-la-resistencia-antimicrobiana","status":"publish","type":"post","link":"https:\/\/periodicolarepublica.com\/index.php\/2024\/09\/26\/victor-atallah-propone-mayores-esfuerzos-para-enfrentar-desafios-ante-la-resistencia-antimicrobiana\/","title":{"rendered":"V\u00edctor Atallah propone mayores esfuerzos para enfrentar desaf\u00edos ante la resistencia antimicrobiana"},"content":{"rendered":"\r\n<p><img loading=\"lazy\" decoding=\"async\" class=\"size-medium wp-image-1773 alignright\" src=\"https:\/\/periodicolarepublica.com\/wp-content\/uploads\/2024\/09\/IMG-20240926-WA0048-225x300.jpg\" alt=\"\" width=\"225\" height=\"300\" \/>Rep\u00fablica Dominicana se alinea con la declaraci\u00f3n del G77 y China y la declaraci\u00f3n del SICA sobre resistencia antimicrobiana.<br \/><br \/>Nueva York. &#8211; El ministro de Salud, V\u00edctor Atallah destac\u00f3 que la resistencia antimicrobiana no es solo un desaf\u00edo sanitario, sino una amenaza global a la seguridad y al desarrollo humano que podr\u00eda convertirse en una pr\u00f3xima gran pandemia, sino se asumen acciones a nivel internacional, regional y nacional coordinadas y coherentes.<br \/><br \/>El funcionario indic\u00f3 la resistencia antimicrobiana tiene el potencial de afectar gravemente la salud de las poblaciones, desestabilizar las econom\u00edas y comprometer los logros alcanzados en materia de salud global.<br \/><br \/>\u201cLa resistencia antimicrobiana no distingue fronteras y pone en riesgo desde la capacidad de tratar infecciones comunes hasta el \u00e9xito de procedimientos m\u00e9dicos esenciales. Si no actuamos con decisi\u00f3n, nos enfrentamos a la posibilidad de que enfermedades que hoy son tratables vuelvan a ser mortales\u201d se\u00f1al\u00f3.<br \/><br \/>Dijo que el pa\u00eds ha reconocido esta urgencia, \u201cen l\u00ednea con la visi\u00f3n global proyectamos nuestra Estrategia Nacional \u201cUna Salud\u201d, con acciones estrat\u00e9gicas centradas en esa problem\u00e1tica. Esta estrategia va acompa\u00f1ada de un acuerdo intersectorial entre los ministerios de Salud, Agricultura y Medio Ambiente, conscientes de que solo con una acci\u00f3n multisectorial podemos enfrentar esta amenaza.<br \/><br \/>\u201cHemos fortalecido la capacidad de respuesta con una red integral equipada para la detecci\u00f3n de la resistencia antimicrobiana y un plan de comunicaci\u00f3n enfocado en la educaci\u00f3n de la poblaci\u00f3n general, los profesionales del sector salud y de la agricultura. Pero sin una acci\u00f3n colectiva estos esfuerzos ser\u00e1n insuficientes.\u201d resalt\u00f3 el funcionario.<br \/><br \/>En ese sentido, dijo que todas las naciones, a todos los niveles, y en particular los pa\u00edses en desarrollo requieren de un mayor nivel de cooperaci\u00f3n e inversi\u00f3n sostenible, a los fines de asegurar una batalla eficaz contra la resistencia antimicrobiana. Sin la solidaridad global no alcanzaremos el objetivo de no dejar a nadie atr\u00e1s.<br \/>Manifest\u00f3 que Rep\u00fablica Dominicana se compromete a seguir siendo un socio activo en esta causa, y en ese sentido, apoya la \u201cDeclaraci\u00f3n Pol\u00edtica sobre la Resistencia Antimicrobiana\u201d que procura invertir en el presente y asegurar el futuro de todos.<br \/><br \/>V\u00edctor Atallah se expres\u00f3 en esos t\u00e9rminos durante una intervenci\u00f3n en la Asamblea General de la ONU (UNGA), sobre \u201cResistencia Antimicrobiana\u201d.<br \/><br \/>La resistencia a los antimicrobianos (RAM) surge cuando las bacterias, los virus, los hongos y los par\u00e1sitos cambian a lo largo del tiempo y dejan de responder a los medicamentos, lo que dificulta m\u00e1s los tratamientos.<\/p>\r\n","protected":false},"excerpt":{"rendered":"<p>Rep\u00fablica Dominicana se alinea con la declaraci\u00f3n del G77 y China y la declaraci\u00f3n del SICA sobre resistencia antimicrobiana. Nueva York. &#8211; El ministro de Salud, V\u00edctor Atallah destac\u00f3 que la resistencia antimicrobiana no es solo un desaf\u00edo sanitario, sino una amenaza global a la seguridad y al desarrollo humano que podr\u00eda convertirse en una [&hellip;]<\/p>\n","protected":false},"author":6,"featured_media":0,"comment_status":"open","ping_status":"open","sticky":false,"template":"","format":"standard","meta":{"om_disable_all_campaigns":false,"_monsterinsights_skip_tracking":false,"_monsterinsights_sitenote_active":false,"_monsterinsights_sitenote_note":"","_monsterinsights_sitenote_category":0,"footnotes":""},"categories":[1],"tags":[175,161],"class_list":{"0":"post-1768","1":"post","2":"type-post","3":"status-publish","4":"format-standard","6":"category-nacionales","7":"tag-ministro-de-salud-publica","8":"tag-victor-atallah"},"aioseo_notices":[],"_links":{"self":[{"href":"https:\/\/periodicolarepublica.com\/index.php\/wp-json\/wp\/v2\/posts\/1768","targetHints":{"allow":["GET"]}}],"collection":[{"href":"https:\/\/periodicolarepublica.com\/index.php\/wp-json\/wp\/v2\/posts"}],"about":[{"href":"https:\/\/periodicolarepublica.com\/index.php\/wp-json\/wp\/v2\/types\/post"}],"author":[{"embeddable":true,"href":"https:\/\/periodicolarepublica.com\/index.php\/wp-json\/wp\/v2\/users\/6"}],"replies":[{"embeddable":true,"href":"https:\/\/periodicolarepublica.com\/index.php\/wp-json\/wp\/v2\/comments?post=1768"}],"version-history":[{"count":2,"href":"https:\/\/periodicolarepublica.com\/index.php\/wp-json\/wp\/v2\/posts\/1768\/revisions"}],"predecessor-version":[{"id":1774,"href":"https:\/\/periodicolarepublica.com\/index.php\/wp-json\/wp\/v2\/posts\/1768\/revisions\/1774"}],"wp:attachment":[{"href":"https:\/\/periodicolarepublica.com\/index.php\/wp-json\/wp\/v2\/media?parent=1768"}],"wp:term":[{"taxonomy":"category","embeddable":true,"href":"https:\/\/periodicolarepublica.com\/index.php\/wp-json\/wp\/v2\/categories?post=1768"},{"taxonomy":"post_tag","embeddable":true,"href":"https:\/\/periodicolarepublica.com\/index.php\/wp-json\/wp\/v2\/tags?post=1768"}],"curies":[{"name":"wp","href":"https:\/\/api.w.org\/{rel}","templated":true}]}}