{"id":1785,"date":"2024-09-29T18:18:12","date_gmt":"2024-09-29T16:18:12","guid":{"rendered":"https:\/\/periodicolarepublica.com\/?p=1785"},"modified":"2024-09-29T18:18:12","modified_gmt":"2024-09-29T16:18:12","slug":"victor-atallah-viajara-este-domingo-a-washington-para-participar-en-el-61-consejo-directivo-de-la-ops","status":"publish","type":"post","link":"https:\/\/periodicolarepublica.com\/index.php\/2024\/09\/29\/victor-atallah-viajara-este-domingo-a-washington-para-participar-en-el-61-consejo-directivo-de-la-ops\/","title":{"rendered":"V\u00edctor Atallah viajar\u00e1 este domingo a Washington para participar en el 61\u00b0 Consejo Directivo de la OPS"},"content":{"rendered":"\r\n<p><img loading=\"lazy\" decoding=\"async\" class=\"size-medium wp-image-1790 alignright\" src=\"https:\/\/periodicolarepublica.com\/wp-content\/uploads\/2024\/09\/IMG-20240929-WA0044-300x200.jpg\" alt=\"\" width=\"300\" height=\"200\" srcset=\"https:\/\/periodicolarepublica.com\/wp-content\/uploads\/2024\/09\/IMG-20240929-WA0044-300x200.jpg?v=1727626664 300w, https:\/\/periodicolarepublica.com\/wp-content\/uploads\/2024\/09\/IMG-20240929-WA0044-1024x683.jpg?v=1727626664 1024w, https:\/\/periodicolarepublica.com\/wp-content\/uploads\/2024\/09\/IMG-20240929-WA0044-768x512.jpg?v=1727626664 768w, https:\/\/periodicolarepublica.com\/wp-content\/uploads\/2024\/09\/IMG-20240929-WA0044-1536x1024.jpg?v=1727626664 1536w, https:\/\/periodicolarepublica.com\/wp-content\/uploads\/2024\/09\/IMG-20240929-WA0044-2048x1365.jpg?v=1727626664 2048w, https:\/\/periodicolarepublica.com\/wp-content\/uploads\/2024\/09\/IMG-20240929-WA0044-150x100.jpg?v=1727626664 150w, https:\/\/periodicolarepublica.com\/wp-content\/uploads\/2024\/09\/IMG-20240929-WA0044-600x400.jpg?v=1727626664 600w, https:\/\/periodicolarepublica.com\/wp-content\/uploads\/2024\/09\/IMG-20240929-WA0044-696x464.jpg?v=1727626664 696w, https:\/\/periodicolarepublica.com\/wp-content\/uploads\/2024\/09\/IMG-20240929-WA0044-1392x928.jpg?v=1727626664 1392w, https:\/\/periodicolarepublica.com\/wp-content\/uploads\/2024\/09\/IMG-20240929-WA0044-1068x712.jpg?v=1727626664 1068w, https:\/\/periodicolarepublica.com\/wp-content\/uploads\/2024\/09\/IMG-20240929-WA0044-1920x1280.jpg?v=1727626664 1920w\" sizes=\"auto, (max-width: 300px) 100vw, 300px\" \/>Santo Domingo.- El ministro de Salud, V\u00edctor Atallah, partir\u00e1 este domingo hacia Washington, para participar en el 61\u00b0 Consejo Directivo de la Organizaci\u00f3n Panamericana de la Salud (OPS). Este evento re\u00fane a las principales autoridades de salud de las Am\u00e9ricas, quienes se congregar\u00e1n para discutir pol\u00edticas claves y establecer prioridades de cooperaci\u00f3n t\u00e9cnica entre los pa\u00edses de la regi\u00f3n.<br \/><br \/>Atallah, acompa\u00f1ado por el viceministro de Fortalecimiento y Desarrollo del Sector Salud, Miguel Rodr\u00edguez Vi\u00f1as, participar\u00e1 el lunes en las sesiones donde se tratar\u00e1n temas como, las pol\u00edticas para fortalecer la equidad en el sector salud, considerando los desaf\u00edos del cambio clim\u00e1tico y sus efectos en la salud. Tambi\u00e9n se abordar\u00e1n estrategias para reducir la carga de la sepsis con un enfoque integrado para el per\u00edodo 2025-2029.<br \/><br \/>Adem\u00e1s, el ministro tendr\u00e1 una intervenci\u00f3n en el evento de la alianza por la atenci\u00f3n primaria de la salud en las Am\u00e9ricas, enfocada en mejorar los servicios de atenci\u00f3n primaria. Ma\u00f1ana lunes tambi\u00e9n se elegir\u00e1 la nueva mesa directiva de la OPS.<br \/><br \/>El martes, el titular de Salud, continuar\u00e1 participando en reuniones que abordar\u00e1n temas fundamentales como el plan de acci\u00f3n para fortalecer los sistemas de informaci\u00f3n en salud 2024-2030, y la estrategia para fortalecer las funciones esenciales de salud p\u00fablica 2024-2034, orientada a mejorar la capacidad de respuesta ante los principales desaf\u00edos.<br \/><br \/>Asimismo, participar\u00e1 en las discusiones sobre la estrategia y plan de acci\u00f3n para el control del tabaco en la regi\u00f3n de las Am\u00e9ricas 2025-2030.<br \/><br \/>En el marco del evento, el ministro sostendr\u00e1 una reuni\u00f3n bilateral con la subsecretaria de Asuntos Globales de Salud de los Estados Unidos, Loyce Pace, donde se discutir\u00e1n temas de cooperaci\u00f3n internacional en salud.<\/p>\r\n","protected":false},"excerpt":{"rendered":"<p>Santo Domingo.- El ministro de Salud, V\u00edctor Atallah, partir\u00e1 este domingo hacia Washington, para participar en el 61\u00b0 Consejo Directivo de la Organizaci\u00f3n Panamericana de la Salud (OPS). Este evento re\u00fane a las principales autoridades de salud de las Am\u00e9ricas, quienes se congregar\u00e1n para discutir pol\u00edticas claves y establecer prioridades de cooperaci\u00f3n t\u00e9cnica entre los [&hellip;]<\/p>\n","protected":false},"author":6,"featured_media":1790,"comment_status":"open","ping_status":"open","sticky":false,"template":"","format":"standard","meta":{"om_disable_all_campaigns":false,"_monsterinsights_skip_tracking":false,"_monsterinsights_sitenote_active":false,"_monsterinsights_sitenote_note":"","_monsterinsights_sitenote_category":0,"footnotes":""},"categories":[1],"tags":[161],"class_list":{"0":"post-1785","1":"post","2":"type-post","3":"status-publish","4":"format-standard","5":"has-post-thumbnail","7":"category-nacionales","8":"tag-victor-atallah"},"aioseo_notices":[],"_links":{"self":[{"href":"https:\/\/periodicolarepublica.com\/index.php\/wp-json\/wp\/v2\/posts\/1785","targetHints":{"allow":["GET"]}}],"collection":[{"href":"https:\/\/periodicolarepublica.com\/index.php\/wp-json\/wp\/v2\/posts"}],"about":[{"href":"https:\/\/periodicolarepublica.com\/index.php\/wp-json\/wp\/v2\/types\/post"}],"author":[{"embeddable":true,"href":"https:\/\/periodicolarepublica.com\/index.php\/wp-json\/wp\/v2\/users\/6"}],"replies":[{"embeddable":true,"href":"https:\/\/periodicolarepublica.com\/index.php\/wp-json\/wp\/v2\/comments?post=1785"}],"version-history":[{"count":2,"href":"https:\/\/periodicolarepublica.com\/index.php\/wp-json\/wp\/v2\/posts\/1785\/revisions"}],"predecessor-version":[{"id":1791,"href":"https:\/\/periodicolarepublica.com\/index.php\/wp-json\/wp\/v2\/posts\/1785\/revisions\/1791"}],"wp:featuredmedia":[{"embeddable":true,"href":"https:\/\/periodicolarepublica.com\/index.php\/wp-json\/wp\/v2\/media\/1790"}],"wp:attachment":[{"href":"https:\/\/periodicolarepublica.com\/index.php\/wp-json\/wp\/v2\/media?parent=1785"}],"wp:term":[{"taxonomy":"category","embeddable":true,"href":"https:\/\/periodicolarepublica.com\/index.php\/wp-json\/wp\/v2\/categories?post=1785"},{"taxonomy":"post_tag","embeddable":true,"href":"https:\/\/periodicolarepublica.com\/index.php\/wp-json\/wp\/v2\/tags?post=1785"}],"curies":[{"name":"wp","href":"https:\/\/api.w.org\/{rel}","templated":true}]}}