{"id":1796,"date":"2024-10-01T18:49:13","date_gmt":"2024-10-01T16:49:13","guid":{"rendered":"https:\/\/periodicolarepublica.com\/?p=1796"},"modified":"2024-10-01T18:49:13","modified_gmt":"2024-10-01T16:49:13","slug":"gobierno-ha-triplicado-presupuesto-para-servicios-a-envejecientes-y-otorgado-mas-de-57-mil-pensiones-solidarias-destaca-raquel-pena","status":"publish","type":"post","link":"https:\/\/periodicolarepublica.com\/index.php\/2024\/10\/01\/gobierno-ha-triplicado-presupuesto-para-servicios-a-envejecientes-y-otorgado-mas-de-57-mil-pensiones-solidarias-destaca-raquel-pena\/","title":{"rendered":"Gobierno ha triplicado presupuesto para servicios a envejecientes y otorgado m\u00e1s de 57 mil Pensiones Solidarias, destaca Raquel Pe\u00f1a"},"content":{"rendered":"<p>La vicepresidenta revel\u00f3 los avances en la garant\u00eda de la vida de las personas envejecientes al entregar los premios Adulto Mayor del A\u00f1o y Protector de la Persona Envejeciente.<\/p>\n<p><img loading=\"lazy\" decoding=\"async\" class=\"alignnone size-medium wp-image-1797\" src=\"https:\/\/periodicolarepublica.com\/wp-content\/uploads\/2024\/10\/IMG-20241001-WA0030-300x200.jpg\" alt=\"\" width=\"300\" height=\"200\" \/><\/p>\n<p>*Santo Domingo, RD.* -La vicepresidenta de la Rep\u00fablica, Raquel Pe\u00f1a, encabez\u00f3 este martes el acto de entrega de los premios Adulto Mayor del A\u00f1o y Protector de la Persona Envejeciente durante la quita edici\u00f3n del galard\u00f3n que se celebra cada 01 de octubre en conmemoraci\u00f3n del D\u00eda Internacional de la Persona de Edad.<\/p>\n<p>En la ceremonia, organizada por el Consejo Nacional de la Persona Envejeciente (CONAPE) y que cont\u00f3 tambi\u00e9n con la participaci\u00f3n de la primera dama, Raquel Arbaje, fue reconocida la se\u00f1ora Blanca Odette Garc\u00eda Pe\u00f1a, una destacada maestra de bioan\u00e1lisis de 103 a\u00f1os, y el Centro Geri\u00e1trico San Joaqu\u00edn y Santa Ana, por sus aportes para la protecci\u00f3n a los adultos mayores.<\/p>\n<p>La vicepresidenta Raquel Pe\u00f1a resalt\u00f3 que esta premiaci\u00f3n simboliza el profundo compromiso de toda la sociedad y del gobierno, con el desarrollo integral y la calidad de vida de las madres, padres y abuelos a quienes, se debe \u201ctodo lo que somos hoy\u201d.<\/p>\n<p>Pe\u00f1a sostuvo que la administraci\u00f3n actual es consecuente con que el \u201ccuidado hacia los adultos mayores es el reflejo del respeto y la gratitud de una sociedad consciente del alto valor que tienen\u201d, por lo que realizan esfuerzos para seguir garantiz\u00e1ndoles la dignidad y la esperanza de vida que se merecen.<\/p>\n<p>En ese sentido, indic\u00f3 que bajo la visi\u00f3n y liderazgo del presidente Luis Abinader, la atenci\u00f3n a los adultos mayores se ha convertido en una prioridad de Estado y por ello se cre\u00f3 la Mesa Intersectorial de Cuidados, integrada por 10 instituciones para afianzar la determinaci\u00f3n en el cuidado de personas envejecientes como una responsabilidad colectiva de primer orden en materia social.<\/p>\n<p>\u201cGracias a esta iniciativa, hemos logrado triplicar el presupuesto en servicios institucionales a trav\u00e9s del Consejo Nacional de la Persona Envejeciente\u201d, puntualiz\u00f3.<\/p>\n<p>En tanto, el director del CONAPE, Jos\u00e9 Garc\u00eda Ram\u00edrez, se\u00f1al\u00f3 que la instituci\u00f3n ha mantenido un compromiso inquebrantable en garantizar a los adultos mayores un acceso integral a servicios de acogida, salud, asesor\u00eda legal, apoyo econ\u00f3mico, asistencia social, educaci\u00f3n, cultura y recreaci\u00f3n.<\/p>\n<p>Garc\u00eda Ram\u00edrez aprovech\u00f3 para resaltar algunos de los logros para consolidar el futuro de las personas envejecientes como el aumento del presupuesto, m\u00e1s de 57 mil Pensiones Solidarias, rescate de los Hogares de D\u00edas y Hogares Permanentes, entre otros.<\/p>\n<p>*Condecoraciones*<\/p>\n<p>El Premio Adulto Mayor del A\u00f1o, que recibi\u00f3 Blanca Odette Garc\u00eda Pe\u00f1a, es el m\u00e1s alto galard\u00f3n que puede ser otorgado a un adulto mayor por m\u00e9ritos obtenidos durante el a\u00f1o que antecede, por su vida activa y productiva, en actividades de cualquier rengl\u00f3n o disciplina.<\/p>\n<p>Garc\u00eda Pe\u00f1a es oriunda de San Pedro de Macor\u00eds y ha ocupado numerosos cargos de su \u00e1rea profesional como encargada de microbiolog\u00eda del Laboratorio Nacional (1948\/1949) y de la Secci\u00f3n de Qu\u00edmica, Cl\u00ednica del Laboratorio Nacional (1953\/1960).<\/p>\n<p>Trabaj\u00f3 en investigaciones cient\u00edficas al lado de los doctores Jos\u00e9 de Jes\u00fas Ravelo y Alberto Peguero y en el 1949, particip\u00f3 en la instalaci\u00f3n del primer Banco Nacional de Sangre y en 1974 se le confiere el galard\u00f3n de Profesora Merit\u00edsima y posteriormente la Medalla al M\u00e9rito de la Mujer.<\/p>\n<p>En el transcurso de todos estos a\u00f1os ha propulsado la creaci\u00f3n de la \u00abFundaci\u00f3n Universidad Primada\u00bb, y ha participado en numerosos eventos nacionales e internacionales realizando diferentes trabajos de investigaci\u00f3n.<\/p>\n<p>En tanto, el Premio Protector de la Persona Envejeciente, que se le otorg\u00f3 al Centro Geri\u00e1trico San Joaqu\u00edn y Santa Ana, es el mayor reconocimiento que se otorga a una persona f\u00edsica o jur\u00eddica, p\u00fablica o privada, que a lo largo del a\u00f1o, haya desarrollado de forma desinteresada, una labor excepcional en materia de protecci\u00f3n a la poblaci\u00f3n envejeciente.<\/p>\n<p>Los or\u00edgenes del San Joaqu\u00edn y Santa Ana se remontan al 1913 cuando fue fundado en la provincia de La Vega, dirigido por las Hermanas de la Caridad del Cardenal Sancha y dedicado, especialmente, al cuidado de ancianos y a la ense\u00f1anza de ni\u00f1as de escasos recursos que resid\u00edan en esa Ciudad.<\/p>\n<p>Este centro es uno de los m\u00e1s grandes de la zona del Cibao que, actualmente, cuenta con 102 envejecientes, de los cuales 58 son hombres y 45 son mujeres provenientes de sectores sociales de escasos recursos econ\u00f3micos, con edades entre 65 y 113 a\u00f1os.<\/p>\n<p>En sus espacios se brinda apoyo para la construcci\u00f3n de vidas plenas abriendo lugares a la comunidad para que se unan a esta misi\u00f3n, procurando incorporar el concepto de mejora de la calidad de vida de los adultos mayores que en \u00e9l se encuentran.<\/p>\n","protected":false},"excerpt":{"rendered":"<p>La vicepresidenta revel\u00f3 los avances en la garant\u00eda de la vida de las personas envejecientes al entregar los premios Adulto Mayor del A\u00f1o y Protector de la Persona Envejeciente. *Santo Domingo, RD.* -La vicepresidenta de la Rep\u00fablica, Raquel Pe\u00f1a, encabez\u00f3 este martes el acto de entrega de los premios Adulto Mayor del A\u00f1o y Protector [&hellip;]<\/p>\n","protected":false},"author":6,"featured_media":0,"comment_status":"open","ping_status":"open","sticky":false,"template":"","format":"standard","meta":{"om_disable_all_campaigns":false,"_monsterinsights_skip_tracking":false,"_monsterinsights_sitenote_active":false,"_monsterinsights_sitenote_note":"","_monsterinsights_sitenote_category":0,"footnotes":""},"categories":[1],"tags":[],"class_list":{"0":"post-1796","1":"post","2":"type-post","3":"status-publish","4":"format-standard","6":"category-nacionales"},"aioseo_notices":[],"_links":{"self":[{"href":"https:\/\/periodicolarepublica.com\/index.php\/wp-json\/wp\/v2\/posts\/1796","targetHints":{"allow":["GET"]}}],"collection":[{"href":"https:\/\/periodicolarepublica.com\/index.php\/wp-json\/wp\/v2\/posts"}],"about":[{"href":"https:\/\/periodicolarepublica.com\/index.php\/wp-json\/wp\/v2\/types\/post"}],"author":[{"embeddable":true,"href":"https:\/\/periodicolarepublica.com\/index.php\/wp-json\/wp\/v2\/users\/6"}],"replies":[{"embeddable":true,"href":"https:\/\/periodicolarepublica.com\/index.php\/wp-json\/wp\/v2\/comments?post=1796"}],"version-history":[{"count":1,"href":"https:\/\/periodicolarepublica.com\/index.php\/wp-json\/wp\/v2\/posts\/1796\/revisions"}],"predecessor-version":[{"id":1798,"href":"https:\/\/periodicolarepublica.com\/index.php\/wp-json\/wp\/v2\/posts\/1796\/revisions\/1798"}],"wp:attachment":[{"href":"https:\/\/periodicolarepublica.com\/index.php\/wp-json\/wp\/v2\/media?parent=1796"}],"wp:term":[{"taxonomy":"category","embeddable":true,"href":"https:\/\/periodicolarepublica.com\/index.php\/wp-json\/wp\/v2\/categories?post=1796"},{"taxonomy":"post_tag","embeddable":true,"href":"https:\/\/periodicolarepublica.com\/index.php\/wp-json\/wp\/v2\/tags?post=1796"}],"curies":[{"name":"wp","href":"https:\/\/api.w.org\/{rel}","templated":true}]}}