{"id":1800,"date":"2024-10-01T19:43:04","date_gmt":"2024-10-01T17:43:04","guid":{"rendered":"https:\/\/periodicolarepublica.com\/?p=1800"},"modified":"2024-10-01T19:43:04","modified_gmt":"2024-10-01T17:43:04","slug":"hernandez-alberto-reforma-fiscal-es-una-necesidad-nacional","status":"publish","type":"post","link":"https:\/\/periodicolarepublica.com\/index.php\/2024\/10\/01\/hernandez-alberto-reforma-fiscal-es-una-necesidad-nacional\/","title":{"rendered":"Hern\u00e1ndez Alberto Reforma Fiscal es una necesidad nacional"},"content":{"rendered":"\r\n<p><img loading=\"lazy\" decoding=\"async\" class=\"size-medium wp-image-1804 alignright\" src=\"https:\/\/periodicolarepublica.com\/wp-content\/uploads\/2024\/10\/IMG-20240525-WA0100-300x200.jpg\" alt=\"\" width=\"300\" height=\"200\" srcset=\"https:\/\/periodicolarepublica.com\/wp-content\/uploads\/2024\/10\/IMG-20240525-WA0100-300x200.jpg?v=1727804560 300w, https:\/\/periodicolarepublica.com\/wp-content\/uploads\/2024\/10\/IMG-20240525-WA0100-1024x682.jpg?v=1727804560 1024w, https:\/\/periodicolarepublica.com\/wp-content\/uploads\/2024\/10\/IMG-20240525-WA0100-768x511.jpg?v=1727804560 768w, https:\/\/periodicolarepublica.com\/wp-content\/uploads\/2024\/10\/IMG-20240525-WA0100-150x100.jpg?v=1727804560 150w, https:\/\/periodicolarepublica.com\/wp-content\/uploads\/2024\/10\/IMG-20240525-WA0100-600x399.jpg?v=1727804560 600w, https:\/\/periodicolarepublica.com\/wp-content\/uploads\/2024\/10\/IMG-20240525-WA0100-696x463.jpg?v=1727804560 696w, https:\/\/periodicolarepublica.com\/wp-content\/uploads\/2024\/10\/IMG-20240525-WA0100-1068x711.jpg?v=1727804560 1068w, https:\/\/periodicolarepublica.com\/wp-content\/uploads\/2024\/10\/IMG-20240525-WA0100.jpg?v=1727804560 1080w\" sizes=\"auto, (max-width: 300px) 100vw, 300px\" \/>LA REP\u00daBLICA, SANTO DOMINGO. \u2013 El ingeniero Tomas Hern\u00e1ndez Alberto, afirm\u00f3 que la reforma fiscal es una necesidad urgente para el pa\u00eds, enfatizando que no fue creada por el presidente Luis Abinader, sino que es una respuesta a la situaci\u00f3n actual de la econom\u00eda dominicana.<br \/><br \/>Hern\u00e1ndez Alberto destac\u00f3, que a pesar del crecimiento econ\u00f3mico que ha experimentado la naci\u00f3n, los recursos generados no son suficientes para impulsar un desarrollo sostenible.<br \/><br \/>\u00abLa reforma fiscal es crucial para detener el endeudamiento en el que ha ca\u00eddo el pa\u00eds en los \u00faltimos a\u00f1os. Necesitamos generar los recursos necesarios para avanzar\u00bb, explic\u00f3 el dirigente pol\u00edtico al ser entrevistado en el programa Luces &amp; Sombras.<br \/><br \/><br \/>El presidente del movimiento Poder Pal Pueblo expres\u00f3 su confianza en que la propuesta de reforma fiscal presentada por el Gobierno, no impactar\u00e1 negativamente a las clases m\u00e1s despose\u00eddas, desmintiendo as\u00ed las preocupaciones manifestadas por ciertos sectores.<br \/><br \/><br \/>\u00abLa reforma tributaria y fiscal que viene con Abinader es diferente, y ya hemos visto se\u00f1ales positivas como la reducci\u00f3n de gastos en el Estado\u00bb, agreg\u00f3.<br \/><br \/>Hern\u00e1ndez Alberto subray\u00f3, reiterando la importancia de adoptar medidas fiscales que fortalezcan la econom\u00eda y garanticen un futuro pr\u00f3spero para todos los dominicanos.<\/p>\r\n","protected":false},"excerpt":{"rendered":"<p>LA REP\u00daBLICA, SANTO DOMINGO. \u2013 El ingeniero Tomas Hern\u00e1ndez Alberto, afirm\u00f3 que la reforma fiscal es una necesidad urgente para el pa\u00eds, enfatizando que no fue creada por el presidente Luis Abinader, sino que es una respuesta a la situaci\u00f3n actual de la econom\u00eda dominicana. Hern\u00e1ndez Alberto destac\u00f3, que a pesar del crecimiento econ\u00f3mico que [&hellip;]<\/p>\n","protected":false},"author":10,"featured_media":1804,"comment_status":"open","ping_status":"open","sticky":false,"template":"","format":"standard","meta":{"om_disable_all_campaigns":false,"_monsterinsights_skip_tracking":false,"_monsterinsights_sitenote_active":false,"_monsterinsights_sitenote_note":"","_monsterinsights_sitenote_category":0,"footnotes":""},"categories":[1],"tags":[163],"class_list":{"0":"post-1800","1":"post","2":"type-post","3":"status-publish","4":"format-standard","5":"has-post-thumbnail","7":"category-nacionales","8":"tag-tomas-hernandez-alberto"},"aioseo_notices":[],"_links":{"self":[{"href":"https:\/\/periodicolarepublica.com\/index.php\/wp-json\/wp\/v2\/posts\/1800","targetHints":{"allow":["GET"]}}],"collection":[{"href":"https:\/\/periodicolarepublica.com\/index.php\/wp-json\/wp\/v2\/posts"}],"about":[{"href":"https:\/\/periodicolarepublica.com\/index.php\/wp-json\/wp\/v2\/types\/post"}],"author":[{"embeddable":true,"href":"https:\/\/periodicolarepublica.com\/index.php\/wp-json\/wp\/v2\/users\/10"}],"replies":[{"embeddable":true,"href":"https:\/\/periodicolarepublica.com\/index.php\/wp-json\/wp\/v2\/comments?post=1800"}],"version-history":[{"count":2,"href":"https:\/\/periodicolarepublica.com\/index.php\/wp-json\/wp\/v2\/posts\/1800\/revisions"}],"predecessor-version":[{"id":1805,"href":"https:\/\/periodicolarepublica.com\/index.php\/wp-json\/wp\/v2\/posts\/1800\/revisions\/1805"}],"wp:featuredmedia":[{"embeddable":true,"href":"https:\/\/periodicolarepublica.com\/index.php\/wp-json\/wp\/v2\/media\/1804"}],"wp:attachment":[{"href":"https:\/\/periodicolarepublica.com\/index.php\/wp-json\/wp\/v2\/media?parent=1800"}],"wp:term":[{"taxonomy":"category","embeddable":true,"href":"https:\/\/periodicolarepublica.com\/index.php\/wp-json\/wp\/v2\/categories?post=1800"},{"taxonomy":"post_tag","embeddable":true,"href":"https:\/\/periodicolarepublica.com\/index.php\/wp-json\/wp\/v2\/tags?post=1800"}],"curies":[{"name":"wp","href":"https:\/\/api.w.org\/{rel}","templated":true}]}}