{"id":1815,"date":"2024-10-02T19:52:33","date_gmt":"2024-10-02T17:52:33","guid":{"rendered":"https:\/\/periodicolarepublica.com\/?p=1815"},"modified":"2024-10-02T19:52:33","modified_gmt":"2024-10-02T17:52:33","slug":"alcalde-dio-astacio-da-primer-picazo-para-la-construccion-de-1000-nichos-municipales-en-el-cementerio-cristo-salvador","status":"publish","type":"post","link":"https:\/\/periodicolarepublica.com\/index.php\/2024\/10\/02\/alcalde-dio-astacio-da-primer-picazo-para-la-construccion-de-1000-nichos-municipales-en-el-cementerio-cristo-salvador\/","title":{"rendered":"Alcalde D\u00edo Astacio da primer picazo para la construcci\u00f3n de 1,000 nichos municipales en el Cementerio Cristo Salvador"},"content":{"rendered":"<p style=\"text-align: left;\">Santo Domingo Este, R.D. \u2013 En un esfuerzo por mejorar la infraestructura funeraria y mantener el \u00e1rea limpia y digna para el descanso eterno de los fallecidos, el alcalde de Santo Domingo Este, D\u00edo Astacio, dio el primer picazo para la construcci\u00f3n de 1,000 nichos municipales en el Cementerio Cristo Salvador. Este proyecto busca responder a la creciente demanda de espacios funerarios en el municipio y proporcionar un lugar digno y adecuado para el entierro de los seres queridos.<\/p>\n<p><img loading=\"lazy\" decoding=\"async\" class=\"alignnone size-medium wp-image-1816 alignleft\" src=\"https:\/\/periodicolarepublica.com\/wp-content\/uploads\/2024\/10\/IMG-20241002-WA0029-300x205.jpg\" alt=\"\" width=\"300\" height=\"205\" \/><\/p>\n<p>&nbsp;<\/p>\n<p>Durante la ceremonia, el alcalde destac\u00f3 la importancia de este proyecto para la comunidad, se\u00f1alando que los fallecidos estar\u00e1n enterrados en posici\u00f3n vertical, optimizando as\u00ed el espacio disponible. Esta nueva estructura brindar\u00e1 una soluci\u00f3n eficiente y respetuosa, garantizando que los nichos sean gestionados de manera ordenada y con el cuidado necesario.<\/p>\n<p>Adem\u00e1s, anunci\u00f3 futuras mejoras para el cementerio. \u201cVamos a hacer un remozamiento de la entrada donde construiremos nichos subterr\u00e1neos. Este cementerio no tendr\u00e1 nada que envidiarle a uno privado\u201d, asegur\u00f3.<\/p>\n<p>Sobre la accesibilidad de los precios para las personas de bajos recursos, el funcionario municipal fue enf\u00e1tico destacando que: \u201cDefinitivamente s\u00ed, de eso se trata. Eso es lo que hace el Estado, hacer que la gente pueda adquirir las cosas a menor precio\u201d. Adem\u00e1s, destac\u00f3 que los trabajos de esta obra iniciar\u00e1n de inmediato: \u201cYa tenemos los equipos aqu\u00ed, iniciamos hoy mismo\u201d.<\/p>\n<p>En cuanto a la seguridad del lugar, subray\u00f3 las mejoras implementadas con la instauraci\u00f3n de patrullas de Polic\u00edas Municipales dando servicio las 24 horas.<\/p>\n<p>Mientras que, H\u00e9ctor Ferreras, administrador del Cementerio Cristo Salvador, elogi\u00f3 el compromiso de Astacio con este proyecto.<\/p>\n<p>\u201cDesde el primer d\u00eda, el alcalde ha demostrado su capacidad de trabajo y disciplina para mejorar este camposanto. Conf\u00edo plenamente en que no nos va a fallar, tal como lo ha prometido\u201d, declar\u00f3 Ferreras, destacando la importancia de esta obra para el futuro del cementerio.<\/p>\n<p>La obra, que forma parte de un plan integral de mejora de los cementerios municipales, incluye la construcci\u00f3n de nichos modernos que facilitar\u00e1n el manejo del cementerio y mejorar\u00e1n su aspecto general. Se espera que con esta iniciativa se ayude a aliviar la creciente demanda de espacios funerarios en Santo Domingo Este, ofreciendo a las familias del municipio un lugar digno y accesible para el descanso de sus seres queridos.<\/p>\n<p>&nbsp;<\/p>\n<p>Este primer picazo marca el inicio de una serie de mejoras planificadas para los espacios funerarios del municipio, reafirmando el compromiso del alcalde D\u00edo Astacio con la calidad de vida de los ciudadanos del municipio, incluso en los momentos m\u00e1s delicados.<\/p>\n","protected":false},"excerpt":{"rendered":"<p>Santo Domingo Este, R.D. \u2013 En un esfuerzo por mejorar la infraestructura funeraria y mantener el \u00e1rea limpia y digna para el descanso eterno de los fallecidos, el alcalde de Santo Domingo Este, D\u00edo Astacio, dio el primer picazo para la construcci\u00f3n de 1,000 nichos municipales en el Cementerio Cristo Salvador. Este proyecto busca responder [&hellip;]<\/p>\n","protected":false},"author":6,"featured_media":0,"comment_status":"open","ping_status":"open","sticky":false,"template":"","format":"standard","meta":{"om_disable_all_campaigns":false,"_monsterinsights_skip_tracking":false,"_monsterinsights_sitenote_active":false,"_monsterinsights_sitenote_note":"","_monsterinsights_sitenote_category":0,"footnotes":""},"categories":[1],"tags":[],"class_list":{"0":"post-1815","1":"post","2":"type-post","3":"status-publish","4":"format-standard","6":"category-nacionales"},"aioseo_notices":[],"_links":{"self":[{"href":"https:\/\/periodicolarepublica.com\/index.php\/wp-json\/wp\/v2\/posts\/1815","targetHints":{"allow":["GET"]}}],"collection":[{"href":"https:\/\/periodicolarepublica.com\/index.php\/wp-json\/wp\/v2\/posts"}],"about":[{"href":"https:\/\/periodicolarepublica.com\/index.php\/wp-json\/wp\/v2\/types\/post"}],"author":[{"embeddable":true,"href":"https:\/\/periodicolarepublica.com\/index.php\/wp-json\/wp\/v2\/users\/6"}],"replies":[{"embeddable":true,"href":"https:\/\/periodicolarepublica.com\/index.php\/wp-json\/wp\/v2\/comments?post=1815"}],"version-history":[{"count":1,"href":"https:\/\/periodicolarepublica.com\/index.php\/wp-json\/wp\/v2\/posts\/1815\/revisions"}],"predecessor-version":[{"id":1817,"href":"https:\/\/periodicolarepublica.com\/index.php\/wp-json\/wp\/v2\/posts\/1815\/revisions\/1817"}],"wp:attachment":[{"href":"https:\/\/periodicolarepublica.com\/index.php\/wp-json\/wp\/v2\/media?parent=1815"}],"wp:term":[{"taxonomy":"category","embeddable":true,"href":"https:\/\/periodicolarepublica.com\/index.php\/wp-json\/wp\/v2\/categories?post=1815"},{"taxonomy":"post_tag","embeddable":true,"href":"https:\/\/periodicolarepublica.com\/index.php\/wp-json\/wp\/v2\/tags?post=1815"}],"curies":[{"name":"wp","href":"https:\/\/api.w.org\/{rel}","templated":true}]}}