{"id":1821,"date":"2024-10-04T22:33:18","date_gmt":"2024-10-04T20:33:18","guid":{"rendered":"https:\/\/periodicolarepublica.com\/?p=1821"},"modified":"2024-10-04T22:33:18","modified_gmt":"2024-10-04T20:33:18","slug":"hotel-live-aqua-punta-cana-sera-la-sede-del-2do-foro-empresarial-turistico-themag","status":"publish","type":"post","link":"https:\/\/periodicolarepublica.com\/index.php\/2024\/10\/04\/hotel-live-aqua-punta-cana-sera-la-sede-del-2do-foro-empresarial-turistico-themag\/","title":{"rendered":"Hotel Live Aqua Punta Cana ser\u00e1 la sede del 2do. Foro Empresarial Tur\u00edstico THEMAG"},"content":{"rendered":"<p>El foro se llevar\u00e1 a cabo el pr\u00f3ximo 23 de octubre desde las 9 am y tiene como prop\u00f3sito ser un espacio de intercambio de ideas y experiencias, donde los principales actores puedan dialogar sobre los temas claves \u201cDestinos inteligentes\u201d y \u201cMovilidad el\u00e9ctrica\u201d<\/p>\n<p><img loading=\"lazy\" decoding=\"async\" class=\"alignnone size-medium wp-image-1822\" src=\"https:\/\/periodicolarepublica.com\/wp-content\/uploads\/2024\/10\/AQPC_BAJA_POSADAS-300x200.jpg\" alt=\"\" width=\"300\" height=\"200\" srcset=\"https:\/\/periodicolarepublica.com\/wp-content\/uploads\/2024\/10\/AQPC_BAJA_POSADAS-300x200.jpg?v=1728073914 300w, https:\/\/periodicolarepublica.com\/wp-content\/uploads\/2024\/10\/AQPC_BAJA_POSADAS-1024x683.jpg?v=1728073914 1024w, https:\/\/periodicolarepublica.com\/wp-content\/uploads\/2024\/10\/AQPC_BAJA_POSADAS-768x512.jpg?v=1728073914 768w, https:\/\/periodicolarepublica.com\/wp-content\/uploads\/2024\/10\/AQPC_BAJA_POSADAS-150x100.jpg?v=1728073914 150w, https:\/\/periodicolarepublica.com\/wp-content\/uploads\/2024\/10\/AQPC_BAJA_POSADAS-600x400.jpg?v=1728073914 600w, https:\/\/periodicolarepublica.com\/wp-content\/uploads\/2024\/10\/AQPC_BAJA_POSADAS-696x464.jpg?v=1728073914 696w, https:\/\/periodicolarepublica.com\/wp-content\/uploads\/2024\/10\/AQPC_BAJA_POSADAS-1392x928.jpg?v=1728073914 1392w, https:\/\/periodicolarepublica.com\/wp-content\/uploads\/2024\/10\/AQPC_BAJA_POSADAS-1068x712.jpg?v=1728073914 1068w, https:\/\/periodicolarepublica.com\/wp-content\/uploads\/2024\/10\/AQPC_BAJA_POSADAS.jpg?v=1728073914 1500w\" sizes=\"auto, (max-width: 300px) 100vw, 300px\" \/><\/p>\n<p>B\u00e1varo.- Las renovadas y ampliadas instalaciones del Centro de Convenciones del Hotel Live Aqua Punta Cana ser\u00e1 sede del 2do. Foro Empresarial THEMAG 2024, un evento clave que reunir\u00e1 a expertos y l\u00edderes del sector turismo y tecnolog\u00eda para discutir los temas m\u00e1s relevantes y las tendencias futuras de la industria.<\/p>\n<p>Expertos en tecnolog\u00eda, autoridades gubernamentales, viceministros, personalidades del sector p\u00fablico, directores generales de las principales empresas proveedoras, ejecutivos del sector turismo y transporte y presidentes de asociaciones hoteleras, los que expondr\u00e1n sobre el futuro del turismo en el pa\u00eds y Punta Cana en dos paneles de expertos. \u201cTransporte y Turismo: El Desaf\u00edo de la Movilidad Sostenible\u201d y \u201cRetos y Oportunidades: El Camino hacia un Destino Tur\u00edstico Inteligente\u201d, inform\u00f3.<\/p>\n<p>Entre los ponentes confirmados para este panel, se destacan:<\/p>\n<p>Jos\u00e9 David Montilla: Viceministro del Ministerio de la Presidencia y experto en transformaci\u00f3n digital, pol\u00edticas p\u00fablicas, direcci\u00f3n de proyectos, ciberseguridad e innovaci\u00f3n tecnol\u00f3gica<\/p>\n<p>Domingo Confesor Mat\u00edas Hern\u00e1ndez: Viceministro de Ordenamiento Territorial y Desarrollo Regional del Ministerio de Econom\u00eda, Planificaci\u00f3n y Desarrollo, MEPyD<\/p>\n<p>Bartolom\u00e9 Pujals: Director General, Oficina Gubernamental de Tecnolog\u00edas de la Informaci\u00f3n y Telecomunicaci\u00f3n de Rep\u00fablica Dominicana (OGTIC).<\/p>\n","protected":false},"excerpt":{"rendered":"<p>El foro se llevar\u00e1 a cabo el pr\u00f3ximo 23 de octubre desde las 9 am y tiene como prop\u00f3sito ser un espacio de intercambio de ideas y experiencias, donde los principales actores puedan dialogar sobre los temas claves \u201cDestinos inteligentes\u201d y \u201cMovilidad el\u00e9ctrica\u201d B\u00e1varo.- Las renovadas y ampliadas instalaciones del Centro de Convenciones del Hotel [&hellip;]<\/p>\n","protected":false},"author":6,"featured_media":1822,"comment_status":"open","ping_status":"open","sticky":false,"template":"","format":"standard","meta":{"om_disable_all_campaigns":false,"_monsterinsights_skip_tracking":false,"_monsterinsights_sitenote_active":false,"_monsterinsights_sitenote_note":"","_monsterinsights_sitenote_category":0,"footnotes":""},"categories":[1,20],"tags":[315,314,313],"class_list":{"0":"post-1821","1":"post","2":"type-post","3":"status-publish","4":"format-standard","5":"has-post-thumbnail","7":"category-nacionales","8":"category-turismo","9":"tag-aqua-live-hotel","10":"tag-bavaro","11":"tag-hotel-punta-cana"},"aioseo_notices":[],"_links":{"self":[{"href":"https:\/\/periodicolarepublica.com\/index.php\/wp-json\/wp\/v2\/posts\/1821","targetHints":{"allow":["GET"]}}],"collection":[{"href":"https:\/\/periodicolarepublica.com\/index.php\/wp-json\/wp\/v2\/posts"}],"about":[{"href":"https:\/\/periodicolarepublica.com\/index.php\/wp-json\/wp\/v2\/types\/post"}],"author":[{"embeddable":true,"href":"https:\/\/periodicolarepublica.com\/index.php\/wp-json\/wp\/v2\/users\/6"}],"replies":[{"embeddable":true,"href":"https:\/\/periodicolarepublica.com\/index.php\/wp-json\/wp\/v2\/comments?post=1821"}],"version-history":[{"count":1,"href":"https:\/\/periodicolarepublica.com\/index.php\/wp-json\/wp\/v2\/posts\/1821\/revisions"}],"predecessor-version":[{"id":1823,"href":"https:\/\/periodicolarepublica.com\/index.php\/wp-json\/wp\/v2\/posts\/1821\/revisions\/1823"}],"wp:featuredmedia":[{"embeddable":true,"href":"https:\/\/periodicolarepublica.com\/index.php\/wp-json\/wp\/v2\/media\/1822"}],"wp:attachment":[{"href":"https:\/\/periodicolarepublica.com\/index.php\/wp-json\/wp\/v2\/media?parent=1821"}],"wp:term":[{"taxonomy":"category","embeddable":true,"href":"https:\/\/periodicolarepublica.com\/index.php\/wp-json\/wp\/v2\/categories?post=1821"},{"taxonomy":"post_tag","embeddable":true,"href":"https:\/\/periodicolarepublica.com\/index.php\/wp-json\/wp\/v2\/tags?post=1821"}],"curies":[{"name":"wp","href":"https:\/\/api.w.org\/{rel}","templated":true}]}}