{"id":1826,"date":"2024-10-05T18:03:44","date_gmt":"2024-10-05T16:03:44","guid":{"rendered":"https:\/\/periodicolarepublica.com\/?p=1826"},"modified":"2024-10-05T18:03:44","modified_gmt":"2024-10-05T16:03:44","slug":"el-movimiento-poder-pal-pueblo-reafirma-su-apoyo-al-presidente-luis-abinader","status":"publish","type":"post","link":"https:\/\/periodicolarepublica.com\/index.php\/2024\/10\/05\/el-movimiento-poder-pal-pueblo-reafirma-su-apoyo-al-presidente-luis-abinader\/","title":{"rendered":"El Movimiento Poder P&#8217;AL Pueblo reafirma su apoyo al\u00a0 presidente Luis Abinader"},"content":{"rendered":"\r\n<p><img loading=\"lazy\" decoding=\"async\" class=\"size-medium wp-image-1831 alignright\" src=\"https:\/\/periodicolarepublica.com\/wp-content\/uploads\/2024\/10\/IMG_20240927_152718-300x235.jpg\" alt=\"\" width=\"300\" height=\"235\" srcset=\"https:\/\/periodicolarepublica.com\/wp-content\/uploads\/2024\/10\/IMG_20240927_152718-300x235.jpg?v=1728144199 300w, https:\/\/periodicolarepublica.com\/wp-content\/uploads\/2024\/10\/IMG_20240927_152718-768x600.jpg?v=1728144199 768w, https:\/\/periodicolarepublica.com\/wp-content\/uploads\/2024\/10\/IMG_20240927_152718-150x117.jpg?v=1728144199 150w, https:\/\/periodicolarepublica.com\/wp-content\/uploads\/2024\/10\/IMG_20240927_152718-600x469.jpg?v=1728144199 600w, https:\/\/periodicolarepublica.com\/wp-content\/uploads\/2024\/10\/IMG_20240927_152718-696x544.jpg?v=1728144199 696w, https:\/\/periodicolarepublica.com\/wp-content\/uploads\/2024\/10\/IMG_20240927_152718.jpg?v=1728144199 816w\" sizes=\"auto, (max-width: 300px) 100vw, 300px\" \/>LA REP\u00daBLICA SANTO DOMINGO \u2013 En declaraciones recientes a la prensa, el ingeniero Tom\u00e1s Hern\u00e1ndez Alberto, presidente del Movimiento Poder P&#8217;AL Pueblo, destac\u00f3 la labor de la organizaci\u00f3n en la reelecci\u00f3n del presidente Luis Abinader. Desde febrero de 2022, el movimiento ha trabajado incansablemente para llevar la voz del pueblo dominicano a todos los rincones del pa\u00eds y el extranjero. <br \/><br \/>\u00abFuimos de los primeros en salir a la calle, apoyando las iniciativas del presidente Abinader y promoviendo los beneficios de su gesti\u00f3n en favor del pueblo dominicano\u00bb, afirm\u00f3 Hern\u00e1ndez Alberto. \u00abNuestro compromiso ha estado presente en todos los medios de comunicaci\u00f3n, tanto aqu\u00ed en la Rep\u00fablica Dominicana como en Estados Unidos, donde tambi\u00e9n hemos hecho un esfuerzo significativo\u00bb. <br \/><br \/>El ingeniero enfatiz\u00f3 la importancia de la participaci\u00f3n ciudadana y el apoyo a pol\u00edticas que beneficien a la poblaci\u00f3n, subrayando que el proyecto Poder P&#8217;AL Pueblo es un reflejo del deseo de un cambio positivo en el pa\u00eds. <br \/><br \/>\u00abSeguiremos trabajando para garantizar que las voces de los dominicanos sean escuchadas y que las acciones del gobierno se alineen con las necesidades del pueblo\u00bb, concluy\u00f3 Hern\u00e1ndez Alberto.<\/p>\r\n","protected":false},"excerpt":{"rendered":"<p>LA REP\u00daBLICA SANTO DOMINGO \u2013 En declaraciones recientes a la prensa, el ingeniero Tom\u00e1s Hern\u00e1ndez Alberto, presidente del Movimiento Poder P&#8217;AL Pueblo, destac\u00f3 la labor de la organizaci\u00f3n en la reelecci\u00f3n del presidente Luis Abinader. Desde febrero de 2022, el movimiento ha trabajado incansablemente para llevar la voz del pueblo dominicano a todos los rincones [&hellip;]<\/p>\n","protected":false},"author":10,"featured_media":1831,"comment_status":"open","ping_status":"open","sticky":false,"template":"","format":"standard","meta":{"om_disable_all_campaigns":false,"_monsterinsights_skip_tracking":false,"_monsterinsights_sitenote_active":false,"_monsterinsights_sitenote_note":"","_monsterinsights_sitenote_category":0,"footnotes":""},"categories":[1],"tags":[163],"class_list":{"0":"post-1826","1":"post","2":"type-post","3":"status-publish","4":"format-standard","5":"has-post-thumbnail","7":"category-nacionales","8":"tag-tomas-hernandez-alberto"},"aioseo_notices":[],"_links":{"self":[{"href":"https:\/\/periodicolarepublica.com\/index.php\/wp-json\/wp\/v2\/posts\/1826","targetHints":{"allow":["GET"]}}],"collection":[{"href":"https:\/\/periodicolarepublica.com\/index.php\/wp-json\/wp\/v2\/posts"}],"about":[{"href":"https:\/\/periodicolarepublica.com\/index.php\/wp-json\/wp\/v2\/types\/post"}],"author":[{"embeddable":true,"href":"https:\/\/periodicolarepublica.com\/index.php\/wp-json\/wp\/v2\/users\/10"}],"replies":[{"embeddable":true,"href":"https:\/\/periodicolarepublica.com\/index.php\/wp-json\/wp\/v2\/comments?post=1826"}],"version-history":[{"count":2,"href":"https:\/\/periodicolarepublica.com\/index.php\/wp-json\/wp\/v2\/posts\/1826\/revisions"}],"predecessor-version":[{"id":1832,"href":"https:\/\/periodicolarepublica.com\/index.php\/wp-json\/wp\/v2\/posts\/1826\/revisions\/1832"}],"wp:featuredmedia":[{"embeddable":true,"href":"https:\/\/periodicolarepublica.com\/index.php\/wp-json\/wp\/v2\/media\/1831"}],"wp:attachment":[{"href":"https:\/\/periodicolarepublica.com\/index.php\/wp-json\/wp\/v2\/media?parent=1826"}],"wp:term":[{"taxonomy":"category","embeddable":true,"href":"https:\/\/periodicolarepublica.com\/index.php\/wp-json\/wp\/v2\/categories?post=1826"},{"taxonomy":"post_tag","embeddable":true,"href":"https:\/\/periodicolarepublica.com\/index.php\/wp-json\/wp\/v2\/tags?post=1826"}],"curies":[{"name":"wp","href":"https:\/\/api.w.org\/{rel}","templated":true}]}}