{"id":1830,"date":"2024-10-06T20:14:35","date_gmt":"2024-10-06T18:14:35","guid":{"rendered":"https:\/\/periodicolarepublica.com\/?p=1830"},"modified":"2024-10-06T20:14:35","modified_gmt":"2024-10-06T18:14:35","slug":"la-notable-participacion-del-ministro-de-salud-publica-en-la-onu","status":"publish","type":"post","link":"https:\/\/periodicolarepublica.com\/index.php\/2024\/10\/06\/la-notable-participacion-del-ministro-de-salud-publica-en-la-onu\/","title":{"rendered":"La Notable Participaci\u00f3n del Ministro de Salud P\u00fablica en la ONU"},"content":{"rendered":"\r\n<p><img loading=\"lazy\" decoding=\"async\" class=\"size-medium wp-image-1812 alignright\" src=\"https:\/\/periodicolarepublica.com\/wp-content\/uploads\/2024\/10\/IMG-20241002-WA0045-300x200.jpg\" alt=\"\" width=\"300\" height=\"200\" srcset=\"https:\/\/periodicolarepublica.com\/wp-content\/uploads\/2024\/10\/IMG-20241002-WA0045-300x200.jpg?v=1727882722 300w, https:\/\/periodicolarepublica.com\/wp-content\/uploads\/2024\/10\/IMG-20241002-WA0045-1024x682.jpg?v=1727882722 1024w, https:\/\/periodicolarepublica.com\/wp-content\/uploads\/2024\/10\/IMG-20241002-WA0045-768x512.jpg?v=1727882722 768w, https:\/\/periodicolarepublica.com\/wp-content\/uploads\/2024\/10\/IMG-20241002-WA0045-1536x1023.jpg?v=1727882722 1536w, https:\/\/periodicolarepublica.com\/wp-content\/uploads\/2024\/10\/IMG-20241002-WA0045-150x100.jpg?v=1727882722 150w, https:\/\/periodicolarepublica.com\/wp-content\/uploads\/2024\/10\/IMG-20241002-WA0045-600x400.jpg?v=1727882722 600w, https:\/\/periodicolarepublica.com\/wp-content\/uploads\/2024\/10\/IMG-20241002-WA0045-696x464.jpg?v=1727882722 696w, https:\/\/periodicolarepublica.com\/wp-content\/uploads\/2024\/10\/IMG-20241002-WA0045-1392x927.jpg?v=1727882722 1392w, https:\/\/periodicolarepublica.com\/wp-content\/uploads\/2024\/10\/IMG-20241002-WA0045-1068x712.jpg?v=1727882722 1068w, https:\/\/periodicolarepublica.com\/wp-content\/uploads\/2024\/10\/IMG-20241002-WA0045.jpg?v=1727882722 1600w\" sizes=\"auto, (max-width: 300px) 100vw, 300px\" \/>El Dr. V\u00edctor Atallah, Ministro de Salud P\u00fablica de la Rep\u00fablica Dominicana, ha demostrado un compromiso significativo en el \u00e1mbito internacional durante su participaci\u00f3n en la 79\u00aa Asamblea General de la ONU, acompa\u00f1ando al presidente Luis Abinader. Su presencia en este evento no solo refleja la importancia que el gobierno dominicano otorga a la salud p\u00fablica, sino que tambi\u00e9n resalta el papel activo del pa\u00eds en la b\u00fasqueda de soluciones globales a desaf\u00edos sanitarios.<br \/><br \/>Durante la asamblea, el Dr. Atallah particip\u00f3 en diversas reuniones con colegas de otros pa\u00edses y representantes de organizaciones internacionales como la Organizaci\u00f3n Mundial de la Salud (OMS) y la Organizaci\u00f3n Panamericana de la Salud (OPS). Su intervenci\u00f3n fue notable, destacando la necesidad de una colaboraci\u00f3n m\u00e1s estrecha entre naciones para enfrentar problemas de salud que trascienden fronteras, como las pandemias, las enfermedades cr\u00f3nicas y la salud mental.<br \/><br \/>El \u00e9xito de la participaci\u00f3n del Ministro en estas reuniones se puede atribuir a su capacidad para articular las prioridades de salud de la Rep\u00fablica Dominicana en un contexto global. Abog\u00f3 por un enfoque integral que no solo se centre en la atenci\u00f3n m\u00e9dica, sino que tambi\u00e9n incluya la promoci\u00f3n de la salud y la prevenci\u00f3n de enfermedades. Este enfoque hol\u00edstico es esencial para mejorar la calidad de vida de los ciudadanos y garantizar un sistema de salud m\u00e1s resiliente.<br \/><br \/>Uno de los temas centrales de su discurso fue la importancia de la equidad en el acceso a los servicios de salud. En un mundo donde las desigualdades se han exacerbado, el Dr. Atallah enfatiz\u00f3 que todos los pa\u00edses deben trabajar juntos para garantizar que las comunidades m\u00e1s vulnerables tengan acceso a atenci\u00f3n m\u00e9dica de calidad. Este mensaje reson\u00f3 con muchos de sus colegas, quienes tambi\u00e9n enfrentan desaf\u00edos similares en sus respectivos pa\u00edses.<br \/><br \/>Adem\u00e1s, su participaci\u00f3n en la asamblea ayud\u00f3 a fortalecer la imagen de la Rep\u00fablica Dominicana en el \u00e1mbito internacional. Al posicionar al pa\u00eds como un actor relevante en la discusi\u00f3n sobre salud p\u00fablica, se abren puertas para futuras colaboraciones y financiamientos en proyectos que beneficien a la poblaci\u00f3n dominicana. La visibilidad obtenida en este foro es un paso importante para atraer recursos y apoyo t\u00e9cnico de organizaciones internacionales.<br \/><br \/>El Dr. Atallah no solo se limit\u00f3 a compartir las experiencias de la Rep\u00fablica Dominicana, sino que tambi\u00e9n se mostr\u00f3 receptivo a aprender de las mejores pr\u00e1cticas implementadas en otras naciones. Este enfoque colaborativo es fundamental en la era actual, donde los desaf\u00edos de salud son cada vez m\u00e1s complejos y requieren soluciones innovadoras y adaptativas.<br \/><br \/>En resumen, la participaci\u00f3n del Dr. V\u00edctor Atallah en la 79\u00aa Asamblea General de la ONU fue un hito importante para la salud p\u00fablica en la Rep\u00fablica Dominicana. Su habilidad para destacar las prioridades nacionales, junto con su enfoque en la colaboraci\u00f3n internacional, refuerza la importancia de trabajar juntos para enfrentar los desaf\u00edos de salud globales. Este tipo de liderazgo no solo beneficia al pa\u00eds, sino que tambi\u00e9n contribuye al bienestar de la comunidad internacional en su conjunto.<\/p>\r\n","protected":false},"excerpt":{"rendered":"<p>El Dr. V\u00edctor Atallah, Ministro de Salud P\u00fablica de la Rep\u00fablica Dominicana, ha demostrado un compromiso significativo en el \u00e1mbito internacional durante su participaci\u00f3n en la 79\u00aa Asamblea General de la ONU, acompa\u00f1ando al presidente Luis Abinader. Su presencia en este evento no solo refleja la importancia que el gobierno dominicano otorga a la salud [&hellip;]<\/p>\n","protected":false},"author":10,"featured_media":1812,"comment_status":"open","ping_status":"open","sticky":false,"template":"","format":"standard","meta":{"om_disable_all_campaigns":false,"_monsterinsights_skip_tracking":false,"_monsterinsights_sitenote_active":false,"_monsterinsights_sitenote_note":"","_monsterinsights_sitenote_category":0,"footnotes":""},"categories":[1],"tags":[161],"class_list":{"0":"post-1830","1":"post","2":"type-post","3":"status-publish","4":"format-standard","5":"has-post-thumbnail","7":"category-nacionales","8":"tag-victor-atallah"},"aioseo_notices":[],"_links":{"self":[{"href":"https:\/\/periodicolarepublica.com\/index.php\/wp-json\/wp\/v2\/posts\/1830","targetHints":{"allow":["GET"]}}],"collection":[{"href":"https:\/\/periodicolarepublica.com\/index.php\/wp-json\/wp\/v2\/posts"}],"about":[{"href":"https:\/\/periodicolarepublica.com\/index.php\/wp-json\/wp\/v2\/types\/post"}],"author":[{"embeddable":true,"href":"https:\/\/periodicolarepublica.com\/index.php\/wp-json\/wp\/v2\/users\/10"}],"replies":[{"embeddable":true,"href":"https:\/\/periodicolarepublica.com\/index.php\/wp-json\/wp\/v2\/comments?post=1830"}],"version-history":[{"count":2,"href":"https:\/\/periodicolarepublica.com\/index.php\/wp-json\/wp\/v2\/posts\/1830\/revisions"}],"predecessor-version":[{"id":1845,"href":"https:\/\/periodicolarepublica.com\/index.php\/wp-json\/wp\/v2\/posts\/1830\/revisions\/1845"}],"wp:featuredmedia":[{"embeddable":true,"href":"https:\/\/periodicolarepublica.com\/index.php\/wp-json\/wp\/v2\/media\/1812"}],"wp:attachment":[{"href":"https:\/\/periodicolarepublica.com\/index.php\/wp-json\/wp\/v2\/media?parent=1830"}],"wp:term":[{"taxonomy":"category","embeddable":true,"href":"https:\/\/periodicolarepublica.com\/index.php\/wp-json\/wp\/v2\/categories?post=1830"},{"taxonomy":"post_tag","embeddable":true,"href":"https:\/\/periodicolarepublica.com\/index.php\/wp-json\/wp\/v2\/tags?post=1830"}],"curies":[{"name":"wp","href":"https:\/\/api.w.org\/{rel}","templated":true}]}}