{"id":1837,"date":"2024-10-06T17:51:20","date_gmt":"2024-10-06T15:51:20","guid":{"rendered":"https:\/\/periodicolarepublica.com\/?p=1837"},"modified":"2024-10-06T17:51:20","modified_gmt":"2024-10-06T15:51:20","slug":"santo-domingo-norte-brilla-en-mexico-betty-geronimo-recibe-certificacion-de-excelencia-en-el-gobierno","status":"publish","type":"post","link":"https:\/\/periodicolarepublica.com\/index.php\/2024\/10\/06\/santo-domingo-norte-brilla-en-mexico-betty-geronimo-recibe-certificacion-de-excelencia-en-el-gobierno\/","title":{"rendered":"Santo Domingo Norte Brilla en M\u00e9xico, Betty Ger\u00f3nimo Recibe Certificaci\u00f3n de Excelencia en el Gobierno"},"content":{"rendered":"<blockquote>\n<p style=\"text-align: left;\">\n<\/blockquote>\n<p style=\"text-align: left;\">Ciudad de M\u00e9xico, M\u00e9xico. En un salto hacia el reconocimiento internacional, la alcaldesa Betty Ger\u00f3nimo se ha destacado en la ceremonia de entrega de la Certificaci\u00f3n de Excelencia en el Gobierno (CEG105\u00ae), un galard\u00f3n que premia a las administraciones municipales que han logrado certificar a su personal bajo el est\u00e1ndar de Competencias Laborales EC0105. Esta certificaci\u00f3n, emitida por el Consejo Nacional de Normalizaci\u00f3n y Certificaci\u00f3n de Competencias Laborales (CONOCER) de M\u00e9xico, avala la excelencia en el servicio p\u00fablico.<\/p>\n<p><img loading=\"lazy\" decoding=\"async\" class=\"alignnone size-medium wp-image-1838\" src=\"https:\/\/periodicolarepublica.com\/wp-content\/uploads\/2024\/10\/IMG-20241006-WA0011-300x200.jpg\" alt=\"\" width=\"300\" height=\"200\" \/><\/p>\n<p style=\"text-align: left;\">El evento, llevado a cabo en Ciudad de M\u00e9xico los d\u00edas 4 y 5 de octubre, reuni\u00f3 a los mejores l\u00edderes gubernamentales municipales de Iberoam\u00e9rica, destacando el compromiso de la Alcald\u00eda Santo Domingo Norte en la mejora continua de sus servicios p\u00fablicos. La alcaldesa Ger\u00f3nimo recibi\u00f3 la constancia oficial que refleja el esfuerzo conjunto de su equipo y la vital importancia de la capacitaci\u00f3n en la gesti\u00f3n p\u00fablica.<\/p>\n<p style=\"text-align: left;\">\u201cEste reconocimiento no es solo un logro personal, sino un triunfo colectivo para todos los habitantes de Santo Domingo Norte. Nos embarcamos en un camino de excelencia que apuesta por un servicio m\u00e1s eficiente y humano, y este premio valida nuestro esfuerzo\u201d, expres\u00f3 Ger\u00f3nimo durante su intervenci\u00f3n en la ceremonia.<\/p>\n<p style=\"text-align: left;\">El est\u00e1ndar EC0105, que ha sido dise\u00f1ado para mejorar la calidad de atenci\u00f3n al ciudadano, forma parte de una iniciativa m\u00e1s amplia del Gobierno de M\u00e9xico, en colaboraci\u00f3n con la Secretar\u00eda de Educaci\u00f3n P\u00fablica (SEP). Esta colaboraci\u00f3n demuestra el inter\u00e9s de distintas naciones iberoamericanas por elevar el servicio p\u00fablico, garantizando que los funcionarios est\u00e9n debidamente preparados para enfrentar las necesidades de la comunidad.<\/p>\n<p style=\"text-align: left;\">La alcald\u00eda de Santo Domingo Norte ha implementado diversas estrategias de formaci\u00f3n y capacitaci\u00f3n para su personal, lo que ha permitido no solo mejorar la atenci\u00f3n al ciudadano, sino tambi\u00e9n optimizar recursos y fomentar una gesti\u00f3n m\u00e1s transparente. El impacto de estas acciones se evidencia en la creciente satisfacci\u00f3n de los ciudadanos y en la confianza depositada en sus autoridades locales, con campa\u00f1as como Basura Cero, Presupuesto Participativo abierto y otras campa\u00f1as.<\/p>\n<p style=\"text-align: left;\">Con este reconocimiento internacional, Santo Domingo Norte se posiciona como un referente en la gesti\u00f3n municipal, inspirando a otros municipios a seguir su ejemplo. La alcaldesa Betty Ger\u00f3nimo se consolida, as\u00ed, como una figura clave en la transformaci\u00f3n del servicio p\u00fablico en la regi\u00f3n, demostrando que el compromiso y la dedicaci\u00f3n pueden llevar a grandes logros.<\/p>\n","protected":false},"excerpt":{"rendered":"<p>Ciudad de M\u00e9xico, M\u00e9xico. En un salto hacia el reconocimiento internacional, la alcaldesa Betty Ger\u00f3nimo se ha destacado en la ceremonia de entrega de la Certificaci\u00f3n de Excelencia en el Gobierno (CEG105\u00ae), un galard\u00f3n que premia a las administraciones municipales que han logrado certificar a su personal bajo el est\u00e1ndar de Competencias Laborales EC0105. Esta [&hellip;]<\/p>\n","protected":false},"author":1,"featured_media":0,"comment_status":"open","ping_status":"open","sticky":false,"template":"","format":"standard","meta":{"om_disable_all_campaigns":false,"_monsterinsights_skip_tracking":false,"_monsterinsights_sitenote_active":false,"_monsterinsights_sitenote_note":"","_monsterinsights_sitenote_category":0,"footnotes":""},"categories":[1],"tags":[],"class_list":{"0":"post-1837","1":"post","2":"type-post","3":"status-publish","4":"format-standard","6":"category-nacionales"},"aioseo_notices":[],"_links":{"self":[{"href":"https:\/\/periodicolarepublica.com\/index.php\/wp-json\/wp\/v2\/posts\/1837","targetHints":{"allow":["GET"]}}],"collection":[{"href":"https:\/\/periodicolarepublica.com\/index.php\/wp-json\/wp\/v2\/posts"}],"about":[{"href":"https:\/\/periodicolarepublica.com\/index.php\/wp-json\/wp\/v2\/types\/post"}],"author":[{"embeddable":true,"href":"https:\/\/periodicolarepublica.com\/index.php\/wp-json\/wp\/v2\/users\/1"}],"replies":[{"embeddable":true,"href":"https:\/\/periodicolarepublica.com\/index.php\/wp-json\/wp\/v2\/comments?post=1837"}],"version-history":[{"count":1,"href":"https:\/\/periodicolarepublica.com\/index.php\/wp-json\/wp\/v2\/posts\/1837\/revisions"}],"predecessor-version":[{"id":1839,"href":"https:\/\/periodicolarepublica.com\/index.php\/wp-json\/wp\/v2\/posts\/1837\/revisions\/1839"}],"wp:attachment":[{"href":"https:\/\/periodicolarepublica.com\/index.php\/wp-json\/wp\/v2\/media?parent=1837"}],"wp:term":[{"taxonomy":"category","embeddable":true,"href":"https:\/\/periodicolarepublica.com\/index.php\/wp-json\/wp\/v2\/categories?post=1837"},{"taxonomy":"post_tag","embeddable":true,"href":"https:\/\/periodicolarepublica.com\/index.php\/wp-json\/wp\/v2\/tags?post=1837"}],"curies":[{"name":"wp","href":"https:\/\/api.w.org\/{rel}","templated":true}]}}