{"id":184,"date":"2023-12-03T13:30:42","date_gmt":"2023-12-03T12:30:42","guid":{"rendered":"https:\/\/periodicolarepublica.com\/?p=184"},"modified":"2023-12-03T13:30:43","modified_gmt":"2023-12-03T12:30:43","slug":"diccionario-cultural-dominicano-en-italia","status":"publish","type":"post","link":"https:\/\/periodicolarepublica.com\/index.php\/2023\/12\/03\/diccionario-cultural-dominicano-en-italia\/","title":{"rendered":"Diccionario Cultural  Dominicano en Italia"},"content":{"rendered":"<div class=\"wp-block-post-author\"><div class=\"wp-block-post-author__avatar\"><img loading=\"lazy\" decoding=\"async\" src=\"https:\/\/periodicolarepublica.com\/wp-content\/uploads\/2023\/12\/maximo-perfil-photo-150x150.jpeg?v=1715379847\" width=\"48\" height=\"48\" srcset=\"https:\/\/periodicolarepublica.com\/wp-content\/uploads\/2023\/12\/maximo-perfil-photo-150x150.jpeg?v=1715379847 2x\" alt=\"Maximo Mi\u00f1oso\" class=\"avatar avatar-48 wp-user-avatar wp-user-avatar-48 alignnone photo\" \/><\/div><div class=\"wp-block-post-author__content\"><p class=\"wp-block-post-author__byline\">M\u00e1ximo Mi\u00f1oso<\/p><p class=\"wp-block-post-author__name\">Maximo Mi\u00f1oso<\/p><\/div><\/div>\n\n\n<figure class=\"wp-block-image size-large is-resized\"><img loading=\"lazy\" decoding=\"async\" width=\"1024\" height=\"1024\" src=\"https:\/\/periodicolarepublica.com\/wp-content\/uploads\/2023\/12\/Picsart_23-12-03_08-13-40-899-1024x1024.jpg\" alt=\"\" class=\"wp-image-185\" style=\"width:296px;height:auto\" srcset=\"https:\/\/periodicolarepublica.com\/wp-content\/uploads\/2023\/12\/Picsart_23-12-03_08-13-40-899-1024x1024.jpg?v=1715379849 1024w, https:\/\/periodicolarepublica.com\/wp-content\/uploads\/2023\/12\/Picsart_23-12-03_08-13-40-899-300x300.jpg?v=1715379849 300w, https:\/\/periodicolarepublica.com\/wp-content\/uploads\/2023\/12\/Picsart_23-12-03_08-13-40-899-150x150.jpg?v=1715379849 150w, https:\/\/periodicolarepublica.com\/wp-content\/uploads\/2023\/12\/Picsart_23-12-03_08-13-40-899-768x768.jpg?v=1715379849 768w, https:\/\/periodicolarepublica.com\/wp-content\/uploads\/2023\/12\/Picsart_23-12-03_08-13-40-899-1536x1536.jpg?v=1715379849 1536w, https:\/\/periodicolarepublica.com\/wp-content\/uploads\/2023\/12\/Picsart_23-12-03_08-13-40-899-2048x2048.jpg?v=1715379849 2048w\" sizes=\"auto, (max-width: 1024px) 100vw, 1024px\" \/><\/figure>\n\n\n\n<p>Ha sido puesto en circulaci\u00f3n en Diccionario Cultural Dominicano en su versi\u00f3n de Italiano, siendo esta actividad en Mil\u00e1n, donde fue representada por Julio Samuel Sierra, hijo del autor de dicha obra, Jimmy Sierra y el pr\u00f3logo a cargo del Dr. Leonel Fern\u00e1ndez. La obra presentada ha sido de promoci\u00f3n de FUNGLODE y otras instituciones.<\/p>\n","protected":false},"excerpt":{"rendered":"<p>Ha sido puesto en circulaci\u00f3n en Diccionario Cultural Dominicano en su versi\u00f3n de Italiano, siendo esta actividad en Mil\u00e1n, donde fue representada por Julio Samuel Sierra, hijo del autor de dicha obra, Jimmy Sierra y el pr\u00f3logo a cargo del Dr. Leonel Fern\u00e1ndez. La obra presentada ha sido de promoci\u00f3n de FUNGLODE y otras instituciones.<\/p>\n","protected":false},"author":1,"featured_media":185,"comment_status":"open","ping_status":"open","sticky":false,"template":"","format":"standard","meta":{"om_disable_all_campaigns":false,"_monsterinsights_skip_tracking":false,"_monsterinsights_sitenote_active":false,"_monsterinsights_sitenote_note":"","_monsterinsights_sitenote_category":0,"footnotes":""},"categories":[1],"tags":[15,14,13,16],"class_list":{"0":"post-184","1":"post","2":"type-post","3":"status-publish","4":"format-standard","5":"has-post-thumbnail","7":"category-nacionales","8":"tag-diccionario","9":"tag-dominicano","10":"tag-funglode","11":"tag-italia"},"aioseo_notices":[],"_links":{"self":[{"href":"https:\/\/periodicolarepublica.com\/index.php\/wp-json\/wp\/v2\/posts\/184","targetHints":{"allow":["GET"]}}],"collection":[{"href":"https:\/\/periodicolarepublica.com\/index.php\/wp-json\/wp\/v2\/posts"}],"about":[{"href":"https:\/\/periodicolarepublica.com\/index.php\/wp-json\/wp\/v2\/types\/post"}],"author":[{"embeddable":true,"href":"https:\/\/periodicolarepublica.com\/index.php\/wp-json\/wp\/v2\/users\/1"}],"replies":[{"embeddable":true,"href":"https:\/\/periodicolarepublica.com\/index.php\/wp-json\/wp\/v2\/comments?post=184"}],"version-history":[{"count":1,"href":"https:\/\/periodicolarepublica.com\/index.php\/wp-json\/wp\/v2\/posts\/184\/revisions"}],"predecessor-version":[{"id":186,"href":"https:\/\/periodicolarepublica.com\/index.php\/wp-json\/wp\/v2\/posts\/184\/revisions\/186"}],"wp:featuredmedia":[{"embeddable":true,"href":"https:\/\/periodicolarepublica.com\/index.php\/wp-json\/wp\/v2\/media\/185"}],"wp:attachment":[{"href":"https:\/\/periodicolarepublica.com\/index.php\/wp-json\/wp\/v2\/media?parent=184"}],"wp:term":[{"taxonomy":"category","embeddable":true,"href":"https:\/\/periodicolarepublica.com\/index.php\/wp-json\/wp\/v2\/categories?post=184"},{"taxonomy":"post_tag","embeddable":true,"href":"https:\/\/periodicolarepublica.com\/index.php\/wp-json\/wp\/v2\/tags?post=184"}],"curies":[{"name":"wp","href":"https:\/\/api.w.org\/{rel}","templated":true}]}}