{"id":1846,"date":"2024-10-07T18:50:12","date_gmt":"2024-10-07T16:50:12","guid":{"rendered":"https:\/\/periodicolarepublica.com\/?p=1846"},"modified":"2024-10-07T18:50:12","modified_gmt":"2024-10-07T16:50:12","slug":"comision-presidencial-de-apoyo-al-desarrollo-barrial-cpadb-con-la-juventud-en-capotillo","status":"publish","type":"post","link":"https:\/\/periodicolarepublica.com\/index.php\/2024\/10\/07\/comision-presidencial-de-apoyo-al-desarrollo-barrial-cpadb-con-la-juventud-en-capotillo\/","title":{"rendered":"Comision Presidencial de Apoyo al Desarrollo Barrial (CPADB) con la Juventud en Capotillo"},"content":{"rendered":"<p>En un evento vibrante y lleno de energ\u00eda, la Comisi\u00f3n Presidencial de Apoyo al Desarrollo Barrial (CPADB) que dirige\u00a0 Rolfi Rojas, se uni\u00f3 a la comunidad de Capotillo para llevar a cabo la actividad \u00abJuventud con B\u00bb junto al Ministerio\u00a0 de la Juventud, y\u00a0 su ministro Carlos Valdez, en un evento dise\u00f1ado para promover el desarrollo integral de los j\u00f3venes, tuvo lugar el pasado s\u00e1bado en el coraz\u00f3n del barrio, atrayendo a una multitud de adolescentes y j\u00f3venes adultos que participaron con entusiasmo.<\/p>\n<p><img loading=\"lazy\" decoding=\"async\" class=\"alignnone size-medium wp-image-1847\" src=\"https:\/\/periodicolarepublica.com\/wp-content\/uploads\/2024\/10\/IMG_20241007_124200-300x190.jpg\" alt=\"\" width=\"300\" height=\"190\" srcset=\"https:\/\/periodicolarepublica.com\/wp-content\/uploads\/2024\/10\/IMG_20241007_124200-300x190.jpg?v=1728319793 300w, https:\/\/periodicolarepublica.com\/wp-content\/uploads\/2024\/10\/IMG_20241007_124200-150x95.jpg?v=1728319793 150w, https:\/\/periodicolarepublica.com\/wp-content\/uploads\/2024\/10\/IMG_20241007_124200-600x381.jpg?v=1728319793 600w, https:\/\/periodicolarepublica.com\/wp-content\/uploads\/2024\/10\/IMG_20241007_124200.jpg?v=1728319793 649w\" sizes=\"auto, (max-width: 300px) 100vw, 300px\" \/><\/p>\n<p>Por la\u00a0 CPADB estuvo presente H\u00e9ctor Luis Bautista, vicepresidente de la comisi\u00f3n en dicha iniciativa \u00abJuventud con B\u00bb, que busca fomentar la inclusi\u00f3n, la educaci\u00f3n y el desarrollo de habilidades entre la juventud dominicana, cont\u00f3 con la participaci\u00f3n activa de diferentes organizaciones locales y representantes del gobierno. Durante la jornada, se llevaron a cabo talleres educativos, actividades recreativas, exposiciones culturales y presentaciones art\u00edsticas que buscaron resaltar el talento local y promover un sentido de pertenencia en la comunidad.<\/p>\n<p>Con \u00abJuventud con B\u00bb, la CPADB se reafirma como un actor clave en el desarrollo barrial, demostrando que, con trabajo conjunto y dedicaci\u00f3n, es posible generar un impacto positivo en la vida de los j\u00f3venes y sus comunidades. La participaci\u00f3n activa de los j\u00f3venes en actividades como esta es esencial para construir una sociedad m\u00e1s equitativa y sostenible, donde cada voz cuente y cada talento tenga la oportunidad de brillar.<\/p>\n","protected":false},"excerpt":{"rendered":"<p>En un evento vibrante y lleno de energ\u00eda, la Comisi\u00f3n Presidencial de Apoyo al Desarrollo Barrial (CPADB) que dirige\u00a0 Rolfi Rojas, se uni\u00f3 a la comunidad de Capotillo para llevar a cabo la actividad \u00abJuventud con B\u00bb junto al Ministerio\u00a0 de la Juventud, y\u00a0 su ministro Carlos Valdez, en un evento dise\u00f1ado para promover el [&hellip;]<\/p>\n","protected":false},"author":1,"featured_media":1847,"comment_status":"open","ping_status":"open","sticky":false,"template":"","format":"standard","meta":{"om_disable_all_campaigns":false,"_monsterinsights_skip_tracking":false,"_monsterinsights_sitenote_active":false,"_monsterinsights_sitenote_note":"","_monsterinsights_sitenote_category":0,"footnotes":""},"categories":[1],"tags":[],"class_list":{"0":"post-1846","1":"post","2":"type-post","3":"status-publish","4":"format-standard","5":"has-post-thumbnail","7":"category-nacionales"},"aioseo_notices":[],"_links":{"self":[{"href":"https:\/\/periodicolarepublica.com\/index.php\/wp-json\/wp\/v2\/posts\/1846","targetHints":{"allow":["GET"]}}],"collection":[{"href":"https:\/\/periodicolarepublica.com\/index.php\/wp-json\/wp\/v2\/posts"}],"about":[{"href":"https:\/\/periodicolarepublica.com\/index.php\/wp-json\/wp\/v2\/types\/post"}],"author":[{"embeddable":true,"href":"https:\/\/periodicolarepublica.com\/index.php\/wp-json\/wp\/v2\/users\/1"}],"replies":[{"embeddable":true,"href":"https:\/\/periodicolarepublica.com\/index.php\/wp-json\/wp\/v2\/comments?post=1846"}],"version-history":[{"count":1,"href":"https:\/\/periodicolarepublica.com\/index.php\/wp-json\/wp\/v2\/posts\/1846\/revisions"}],"predecessor-version":[{"id":1848,"href":"https:\/\/periodicolarepublica.com\/index.php\/wp-json\/wp\/v2\/posts\/1846\/revisions\/1848"}],"wp:featuredmedia":[{"embeddable":true,"href":"https:\/\/periodicolarepublica.com\/index.php\/wp-json\/wp\/v2\/media\/1847"}],"wp:attachment":[{"href":"https:\/\/periodicolarepublica.com\/index.php\/wp-json\/wp\/v2\/media?parent=1846"}],"wp:term":[{"taxonomy":"category","embeddable":true,"href":"https:\/\/periodicolarepublica.com\/index.php\/wp-json\/wp\/v2\/categories?post=1846"},{"taxonomy":"post_tag","embeddable":true,"href":"https:\/\/periodicolarepublica.com\/index.php\/wp-json\/wp\/v2\/tags?post=1846"}],"curies":[{"name":"wp","href":"https:\/\/api.w.org\/{rel}","templated":true}]}}