{"id":1854,"date":"2024-10-09T16:34:50","date_gmt":"2024-10-09T14:34:50","guid":{"rendered":"https:\/\/periodicolarepublica.com\/?p=1854"},"modified":"2024-10-09T16:34:50","modified_gmt":"2024-10-09T14:34:50","slug":"tomas-hernandez-alberto-destaca-la-ley-de-modernizacion-fiscal-en-el-programa-super-7","status":"publish","type":"post","link":"https:\/\/periodicolarepublica.com\/index.php\/2024\/10\/09\/tomas-hernandez-alberto-destaca-la-ley-de-modernizacion-fiscal-en-el-programa-super-7\/","title":{"rendered":"Tom\u00e1s Hern\u00e1ndez Alberto destaca la Ley de Modernizaci\u00f3n Fiscal en el programa S\u00faper 7"},"content":{"rendered":"\r\n<p><img loading=\"lazy\" decoding=\"async\" class=\"size-medium wp-image-1862 alignright\" src=\"https:\/\/periodicolarepublica.com\/wp-content\/uploads\/2024\/10\/20241009_091146-225x300.jpg\" alt=\"\" width=\"225\" height=\"300\" srcset=\"https:\/\/periodicolarepublica.com\/wp-content\/uploads\/2024\/10\/20241009_091146-225x300.jpg?v=1728484462 225w, https:\/\/periodicolarepublica.com\/wp-content\/uploads\/2024\/10\/20241009_091146-768x1024.jpg?v=1728484462 768w, https:\/\/periodicolarepublica.com\/wp-content\/uploads\/2024\/10\/20241009_091146-1152x1536.jpg?v=1728484462 1152w, https:\/\/periodicolarepublica.com\/wp-content\/uploads\/2024\/10\/20241009_091146-1536x2048.jpg?v=1728484462 1536w, https:\/\/periodicolarepublica.com\/wp-content\/uploads\/2024\/10\/20241009_091146-150x200.jpg?v=1728484462 150w, https:\/\/periodicolarepublica.com\/wp-content\/uploads\/2024\/10\/20241009_091146-300x400.jpg?v=1728484462 300w, https:\/\/periodicolarepublica.com\/wp-content\/uploads\/2024\/10\/20241009_091146-600x800.jpg?v=1728484462 600w, https:\/\/periodicolarepublica.com\/wp-content\/uploads\/2024\/10\/20241009_091146-696x928.jpg?v=1728484462 696w, https:\/\/periodicolarepublica.com\/wp-content\/uploads\/2024\/10\/20241009_091146-1392x1856.jpg?v=1728484462 1392w, https:\/\/periodicolarepublica.com\/wp-content\/uploads\/2024\/10\/20241009_091146-1068x1424.jpg?v=1728484462 1068w, https:\/\/periodicolarepublica.com\/wp-content\/uploads\/2024\/10\/20241009_091146-scaled.jpg?v=1728484462 1920w\" sizes=\"auto, (max-width: 225px) 100vw, 225px\" \/>Santo Domingo,- En su reciente participaci\u00f3n en el programa de televisi\u00f3n \u00abS\u00faper 7\u00bb, el ingeniero Tom\u00e1s Hern\u00e1ndez Alberto subray\u00f3 la urgencia de la Ley de Modernizaci\u00f3n Fiscal, la cual considera una necesidad apremiante para el desarrollo del pa\u00eds. Durante su intervenci\u00f3n, Hern\u00e1ndez enfatiz\u00f3 que esta reforma fiscal traer\u00e1 beneficios significativos para el pueblo dominicano.<br \/><br \/>El ingeniero destac\u00f3 que la ley no solo busca optimizar el sistema fiscal, sino tambi\u00e9n garantizar un futuro m\u00e1s sostenible y menos endeudado para la naci\u00f3n. \u201cLos dominicanos pronto cosechar\u00e1n los frutos de esta ley, que es clave para el progreso de nuestra econom\u00eda\u201d, afirm\u00f3.<br \/><br \/>Hern\u00e1ndez explic\u00f3 que la implementaci\u00f3n de la Ley de Modernizaci\u00f3n Fiscal permitir\u00e1 un mayor desarrollo en diversas \u00e1reas, contribuyendo as\u00ed al bienestar general de la poblaci\u00f3n. \u201cEste no es solo un cambio en la pol\u00edtica fiscal, es una oportunidad para transformar nuestra realidad econ\u00f3mica\u201d, a\u00f1adi\u00f3.<br \/><br \/>El ingeniero tambi\u00e9n mencion\u00f3 que la reforma est\u00e1 dise\u00f1ada para aumentar la recaudaci\u00f3n de impuestos de manera equitativa, lo que permitir\u00e1 al Estado financiar proyectos esenciales en educaci\u00f3n, salud e infraestructura. \u201cEs vital que todos los sectores de la sociedad se beneficien de este nuevo enfoque fiscal\u201d, coment\u00f3.<br \/><br \/>Adem\u00e1s, Hern\u00e1ndez hizo hincapi\u00e9 en la necesidad de un compromiso conjunto entre el gobierno y la ciudadan\u00eda para asegurar el \u00e9xito de esta reforma. \u201cLa participaci\u00f3n activa de todos es crucial para que podamos ver resultados tangibles a corto y largo plazo\u201d, manifest\u00f3.<br \/><br \/>El ingeniero concluy\u00f3 su intervenci\u00f3n asegurando que, con la Ley de Modernizaci\u00f3n Fiscal, se abrir\u00e1n las puertas a un desarrollo m\u00e1s inclusivo y sostenible para todos los dominicanos. \u201cEstamos en un momento decisivo, y debemos aprovechar esta oportunidad para construir un futuro mejor\u201d, concluy\u00f3.<\/p>\r\n","protected":false},"excerpt":{"rendered":"<p>Santo Domingo,- En su reciente participaci\u00f3n en el programa de televisi\u00f3n \u00abS\u00faper 7\u00bb, el ingeniero Tom\u00e1s Hern\u00e1ndez Alberto subray\u00f3 la urgencia de la Ley de Modernizaci\u00f3n Fiscal, la cual considera una necesidad apremiante para el desarrollo del pa\u00eds. Durante su intervenci\u00f3n, Hern\u00e1ndez enfatiz\u00f3 que esta reforma fiscal traer\u00e1 beneficios significativos para el pueblo dominicano. El [&hellip;]<\/p>\n","protected":false},"author":10,"featured_media":1862,"comment_status":"open","ping_status":"open","sticky":false,"template":"","format":"standard","meta":{"om_disable_all_campaigns":false,"_monsterinsights_skip_tracking":false,"_monsterinsights_sitenote_active":false,"_monsterinsights_sitenote_note":"","_monsterinsights_sitenote_category":0,"footnotes":""},"categories":[1],"tags":[163],"class_list":{"0":"post-1854","1":"post","2":"type-post","3":"status-publish","4":"format-standard","5":"has-post-thumbnail","7":"category-nacionales","8":"tag-tomas-hernandez-alberto"},"aioseo_notices":[],"_links":{"self":[{"href":"https:\/\/periodicolarepublica.com\/index.php\/wp-json\/wp\/v2\/posts\/1854","targetHints":{"allow":["GET"]}}],"collection":[{"href":"https:\/\/periodicolarepublica.com\/index.php\/wp-json\/wp\/v2\/posts"}],"about":[{"href":"https:\/\/periodicolarepublica.com\/index.php\/wp-json\/wp\/v2\/types\/post"}],"author":[{"embeddable":true,"href":"https:\/\/periodicolarepublica.com\/index.php\/wp-json\/wp\/v2\/users\/10"}],"replies":[{"embeddable":true,"href":"https:\/\/periodicolarepublica.com\/index.php\/wp-json\/wp\/v2\/comments?post=1854"}],"version-history":[{"count":2,"href":"https:\/\/periodicolarepublica.com\/index.php\/wp-json\/wp\/v2\/posts\/1854\/revisions"}],"predecessor-version":[{"id":1863,"href":"https:\/\/periodicolarepublica.com\/index.php\/wp-json\/wp\/v2\/posts\/1854\/revisions\/1863"}],"wp:featuredmedia":[{"embeddable":true,"href":"https:\/\/periodicolarepublica.com\/index.php\/wp-json\/wp\/v2\/media\/1862"}],"wp:attachment":[{"href":"https:\/\/periodicolarepublica.com\/index.php\/wp-json\/wp\/v2\/media?parent=1854"}],"wp:term":[{"taxonomy":"category","embeddable":true,"href":"https:\/\/periodicolarepublica.com\/index.php\/wp-json\/wp\/v2\/categories?post=1854"},{"taxonomy":"post_tag","embeddable":true,"href":"https:\/\/periodicolarepublica.com\/index.php\/wp-json\/wp\/v2\/tags?post=1854"}],"curies":[{"name":"wp","href":"https:\/\/api.w.org\/{rel}","templated":true}]}}