{"id":1866,"date":"2024-10-09T22:55:32","date_gmt":"2024-10-09T20:55:32","guid":{"rendered":"https:\/\/periodicolarepublica.com\/?p=1866"},"modified":"2024-10-09T22:55:32","modified_gmt":"2024-10-09T20:55:32","slug":"presidente-luis-abinader-encabeza-apertura-del-foro-latinoamericano-y-del-caribe-de-competencia","status":"publish","type":"post","link":"https:\/\/periodicolarepublica.com\/index.php\/2024\/10\/09\/presidente-luis-abinader-encabeza-apertura-del-foro-latinoamericano-y-del-caribe-de-competencia\/","title":{"rendered":"Presidente Luis Abinader encabeza apertura del Foro Latinoamericano y del Caribe de Competencia"},"content":{"rendered":"<p>El primer mandatario destaca su compromiso con la actualizaci\u00f3n de la ley de Defensa de la Competencia y el reforzamiento de los recursos de Pro-Competencia<\/p>\n<p><img loading=\"lazy\" decoding=\"async\" class=\"alignnone size-medium wp-image-1867\" src=\"https:\/\/periodicolarepublica.com\/wp-content\/uploads\/2024\/10\/IMG-20241009-WA0109-300x173.jpg\" alt=\"\" width=\"300\" height=\"173\" \/><\/p>\n<p>Santo Domingo.- El presidente Luis Abinader presidi\u00f3 el acto de apertura al Foro Latinoamericano y del Caribe de Competencia (FLACC) 2024, el principal evento de competencia en la regi\u00f3n, donde funcionarios de alto nivel de 21 pa\u00edses asistieron al primero de dos d\u00edas destinados a la promoci\u00f3n del di\u00e1logo concerniente al derecho y la pol\u00edtica de competencia.<\/p>\n<p>En sus palabras de bienvenida, el mandatario dominicano destac\u00f3 la trascendencia de la realizaci\u00f3n del foro en la capital del pa\u00eds, tras considerarlo como un reconocimiento a los avances logrados en materia de competencia y al compromiso de seguir fortaleciendo las pol\u00edticas y marcos regulatorios.<\/p>\n<p>\u201cEste espacio nos permite compartir experiencias y aprender de las mejores pr\u00e1cticas internacionales, lo que sin duda contribuir\u00e1 a la consolidaci\u00f3n de una regi\u00f3n m\u00e1s competitiva y pr\u00f3spera\u201d, expres\u00f3 el mandatario.<\/p>\n<p>Durante su intervensi\u00f3n el presidente Abinader manifest\u00f3 su compromiso con la actualizaci\u00f3n de la ley de Defensa de la Competencia y el reforzamiento de los recursos de Pro-Competencia.<\/p>\n<p>\u201cQuiero destacar el exhaustivo examen inter pares de nuestra normativa de competencia, coordinado por la OCDE y el BID. Estamos comprometidos a implementar las recomendaciones de este informe, que incluyen la adopci\u00f3n de un marco com\u00fan en todos los sectores; reforzar los recursos de nuestra autoridad de Pro-Competencia, y fortalecer las herramientas de detecci\u00f3n de c\u00e1rteles y pr\u00e1cticas anticompetitivas\u00bb, enfatiz\u00f3.<\/p>\n<p>Como muestra de su compromiso con fomentar la competencia en el pa\u00eds mandatario se\u00f1al\u00f3 la puesta en marcha de reformas normativas y los avances en la actualizaci\u00f3n de la Ley de Defensa de la Competencia para alinearla con las mejores pr\u00e1cticas internacionales, cuyo primer borrador ser\u00e1 presentado por Pro-Competencia a finales de este mes.<\/p>\n<p>\u00abEsta actualizaci\u00f3n de la Ley de Defensa de la Competencia permitir\u00e1 que nuestra pol\u00edtica en esta materia est\u00e9 a la altura de los desaf\u00edos globales, promoviendo mercados m\u00e1s justos y transparentes. Y busca, adem\u00e1s, asegurar que todas las empresas operen en un entorno justo, libre de pr\u00e1cticas que perjudiquen la eficiencia de los mercados, protegiendo as\u00ed los intereses de nuestros ciudadanos y fomentando la innovaci\u00f3n\u00bb, precis\u00f3.<\/p>\n<p>Mientras, la presidenta de la Comisi\u00f3n Nacional de Defensa de la Competencia (Pro-Competencia), Mar\u00eda Elena V\u00e1squez Taveras, anfitriona del encuentro, destac\u00f3 que en este escenario global el derecho de la competencia se erige como un pilar fundamental para garantizar que las econom\u00edas funcionen de manera justa y equitativa, promoviendo la innovaci\u00f3n, la eficiencia y el bienestar de la poblaci\u00f3n.<\/p>\n<p>\u201cEs precisamente en este contexto donde radica la enorme importancia de este foro. A trav\u00e9s de nuestros intercambios, del debate enriquecedor y del aprendizaje compartido, no solo fortalecemos nuestras capacidades t\u00e9cnicas, sino que tambi\u00e9n consolidamos una visi\u00f3n com\u00fan sobre c\u00f3mo enfrentar los desaf\u00edos actuales, como la digitalizaci\u00f3n y la globalizaci\u00f3n, que complejizan las pr\u00e1cticas anticompetitivas\u201d, expres\u00f3 V\u00e1squez Taveras.<\/p>\n<p>V\u00e1squez Taveras valor\u00f3 la presencia del presidente Abinader, destacando que gracias a su liderazgo existe una firme voluntad pol\u00edtica de fortalecer el marco normativo del pa\u00eds en defensa de la competencia.<\/p>\n<p>\u201cEl presidente Abinader ha sido un aliado inquebrantable en este proceso, y su presencia hoy es una clara se\u00f1al del respaldo del gobierno a las reformas que buscamos implementar. Reformas que no solo benefician a las empresas, sino que son, en esencia, un compromiso con los consumidores, con la equidad en los mercados y con la creaci\u00f3n de un entorno propicio para la inversi\u00f3n y la innovaci\u00f3n\u201d, expres\u00f3 V\u00e1squez Taveras.<\/p>\n<p>En consonancia con esto, el presidente de la Rep\u00fablica subray\u00f3 la estabilidad macroecon\u00f3mica del pa\u00eds, resaltando que, seg\u00fan el Banco Mundial, las proyecciones econ\u00f3micas m\u00e1s recientes estiman un crecimiento del 5% para 2024 y 2025, siendo el m\u00e1s elevado de toda Am\u00e9rica Latina. \u201cEste crecimiento sostenido ha atra\u00eddo inversi\u00f3n extranjera y consolidado nuestra posici\u00f3n como un destino confiable para los inversores internacionales, lo que nos convierte en un pa\u00eds con verdaderas facilidades para hacer negocios\u201d, destac\u00f3 el mandatario.<\/p>\n<p>Detalles del foro<\/p>\n<p>Durante el FLACC ser\u00e1n abordados temas de vanguardia como el impacto de las fintechs y el open banking en la competencia, los desaf\u00edos regulatorios que plantean los mercados digitales y las medidas necesarias para combatir los carteles, una amenaza constante que afecta desproporcionadamente a los sectores m\u00e1s vulnerables, explic\u00f3 la presidenta de Pro-Competencia.<\/p>\n<p>V\u00e1squez Taveras agradeci\u00f3 a la Organizaci\u00f3n para la Cooperaci\u00f3n y el Desarrollo Econ\u00f3mico (OCDE) y al Banco Interamericano de Desarrollo (BID) por su continuo apoyo, no solo en la organizaci\u00f3n de este foro, sino tambi\u00e9n en el fortalecimiento de las pol\u00edticas y marcos regulatorios, y su positiva incidencia en toda Am\u00e9rica Latina.<\/p>\n<p>\u201cAgradezco profundamente la presencia de cada uno de ustedes y el compromiso que han demostrado con la defensa de la competencia. Sigamos trabajando juntos para crear mercados m\u00e1s justos, m\u00e1s abiertos y m\u00e1s competitivos, por el bienestar de nuestras naciones y de nuestras gentes\u201d, extern\u00f3 la presidenta de ProCompetencia.<\/p>\n<p>Durante el primer d\u00eda del Foro se agotaron dos sesiones; la primera fue sobre Competencia, Fintechs y Open Banking &#8211; Acontecimientos recientes en Am\u00e9rica Latina; y la segunda acerca de las Medidas Cautelares, que contempl\u00f3 las Actualizaciones del Centro Regional de Competencia en Am\u00e9rica Latina de la OCDE.<\/p>\n<p>El FLACC 2024 se lleva a cabo durante dos d\u00edas consecutivos (9 y 10 de octubre) y forma parte de las actividades de la Semana de la Competencia 2024, que realiza ProCompetencia en la capital dominicana.<\/p>\n<p>Sobre el FLACC<\/p>\n<p>El FLACC es una asociaci\u00f3n entre la OCDE, el BID y las autoridades de competencia de la regi\u00f3n de Am\u00e9rica Latina y el Caribe que lo organizan cada a\u00f1o.<\/p>\n<p>&nbsp;<\/p>\n<p>El Foro re\u00fane a funcionarios y expertos en competencia de la regi\u00f3n de Am\u00e9rica Latina y el Caribe para compartir las mejores pr\u00e1cticas e identificar posibles reformas de pol\u00edticas en un contexto regional. La participaci\u00f3n de acad\u00e9micos y los aportes de otras organizaciones internacionales promueven un intercambio de puntos de vista y experiencias desde diferentes perspectivas.<\/p>\n","protected":false},"excerpt":{"rendered":"<p>El primer mandatario destaca su compromiso con la actualizaci\u00f3n de la ley de Defensa de la Competencia y el reforzamiento de los recursos de Pro-Competencia Santo Domingo.- El presidente Luis Abinader presidi\u00f3 el acto de apertura al Foro Latinoamericano y del Caribe de Competencia (FLACC) 2024, el principal evento de competencia en la regi\u00f3n, donde [&hellip;]<\/p>\n","protected":false},"author":6,"featured_media":0,"comment_status":"open","ping_status":"open","sticky":false,"template":"","format":"standard","meta":{"om_disable_all_campaigns":false,"_monsterinsights_skip_tracking":false,"_monsterinsights_sitenote_active":false,"_monsterinsights_sitenote_note":"","_monsterinsights_sitenote_category":0,"footnotes":""},"categories":[1],"tags":[],"class_list":{"0":"post-1866","1":"post","2":"type-post","3":"status-publish","4":"format-standard","6":"category-nacionales"},"aioseo_notices":[],"_links":{"self":[{"href":"https:\/\/periodicolarepublica.com\/index.php\/wp-json\/wp\/v2\/posts\/1866","targetHints":{"allow":["GET"]}}],"collection":[{"href":"https:\/\/periodicolarepublica.com\/index.php\/wp-json\/wp\/v2\/posts"}],"about":[{"href":"https:\/\/periodicolarepublica.com\/index.php\/wp-json\/wp\/v2\/types\/post"}],"author":[{"embeddable":true,"href":"https:\/\/periodicolarepublica.com\/index.php\/wp-json\/wp\/v2\/users\/6"}],"replies":[{"embeddable":true,"href":"https:\/\/periodicolarepublica.com\/index.php\/wp-json\/wp\/v2\/comments?post=1866"}],"version-history":[{"count":1,"href":"https:\/\/periodicolarepublica.com\/index.php\/wp-json\/wp\/v2\/posts\/1866\/revisions"}],"predecessor-version":[{"id":1868,"href":"https:\/\/periodicolarepublica.com\/index.php\/wp-json\/wp\/v2\/posts\/1866\/revisions\/1868"}],"wp:attachment":[{"href":"https:\/\/periodicolarepublica.com\/index.php\/wp-json\/wp\/v2\/media?parent=1866"}],"wp:term":[{"taxonomy":"category","embeddable":true,"href":"https:\/\/periodicolarepublica.com\/index.php\/wp-json\/wp\/v2\/categories?post=1866"},{"taxonomy":"post_tag","embeddable":true,"href":"https:\/\/periodicolarepublica.com\/index.php\/wp-json\/wp\/v2\/tags?post=1866"}],"curies":[{"name":"wp","href":"https:\/\/api.w.org\/{rel}","templated":true}]}}