{"id":1869,"date":"2024-10-10T00:44:56","date_gmt":"2024-10-09T22:44:56","guid":{"rendered":"https:\/\/periodicolarepublica.com\/?p=1869"},"modified":"2024-10-10T00:49:54","modified_gmt":"2024-10-09T22:49:54","slug":"pucmm-y-fmm-realizan-panel-y-presentan-ong-en-la-sede-de-la-onu","status":"publish","type":"post","link":"https:\/\/periodicolarepublica.com\/index.php\/2024\/10\/10\/pucmm-y-fmm-realizan-panel-y-presentan-ong-en-la-sede-de-la-onu\/","title":{"rendered":"PUCMM y FMM realizan panel y presentan ONG en la sede de la ONU"},"content":{"rendered":"<p>Las entidades educativas llevaron a cabo el panel \u201cPotenciando sinergias entre academias\u201d, fruto del convenio entre la PUCMM y Adelphi University, y lanzaron la ONG \u201cFriends of Fundaci\u00f3n Madre y Maestra\u201d durante la XXXII Edici\u00f3n de la Semana Dominicana en Estados Unidos, organizada por la C\u00e1mara Americana de Comercio de la Rep\u00fablica Dominicana (AMCHAMDR).<\/p>\n<p><img loading=\"lazy\" decoding=\"async\" class=\"alignnone size-medium wp-image-1871\" src=\"https:\/\/periodicolarepublica.com\/wp-content\/uploads\/2024\/10\/IMG-20241009-WA0123-300x200.jpg\" alt=\"\" width=\"300\" height=\"200\" \/><\/p>\n<p>Nueva York.\u2013 La Pontificia Universidad Cat\u00f3lica Madre y Maestra (PUCMM) y la Fundaci\u00f3n Madre y Maestra (FMM) realizaron en la\u00a0 de las Naciones Unidas el panel \u201cPotenciando sinergias entre academias\u201d y presentaron la organizaci\u00f3n sin fines de lucro Friends of Fundaci\u00f3n Madre y Maestra, cuyo prop\u00f3sito es fortalecer el v\u00ednculo con los egresados de la di\u00e1spora dominicana en Estados Unidos y la comunidad dominicana en Nueva York. A trav\u00e9s de esta ONG se promover\u00e1n iniciativas acad\u00e9micas y filantr\u00f3picas, adem\u00e1s de intercambios laborales y profesionales.<\/p>\n<p>El conversatorio, que se llev\u00f3 a cabo en el marco de la Semana Dominicana en Estados Unidos, organizada por la C\u00e1mara Americana de Comercio de la Rep\u00fablica Dominicana (AMCHAMDR), cont\u00f3 con la participaci\u00f3n del reverendo padre doctor Secilio Espinal Espinal, rector de la PUCMM; la doctora Christine Riordan, presidenta de Adelphi University; y como moderadora, la doctora Mercedes Carmen Capell\u00e1n, presidenta de la Fundaci\u00f3n Madre y Maestra.<\/p>\n<p>\u201cLa Fundaci\u00f3n Madre y Maestra existe gracias a la PUCMM y tiene como prop\u00f3sito gestionar y velar por una universidad autosostenible, aline\u00e1ndose con los objetivos y la misi\u00f3n de la instituci\u00f3n. En esta etapa, estamos sistematizando y organizando el rol de los egresados para que asuman una responsabilidad continua y permanente con su academia\u201d, afirm\u00f3 el rector Espinal.<\/p>\n<p>Asimismo, el rector destac\u00f3 que, a lo largo de sus 62 a\u00f1os de existencia, la PUCMM ha cumplido con creces la misi\u00f3n visionada por sus fundadores, siendo la universidad n\u00famero uno del pa\u00eds y una de las mejores de la regi\u00f3n del Caribe, seg\u00fan los rankings internacionales. Adem\u00e1s, mencion\u00f3 que cuenta con m\u00e1s de 100,000 egresados que han impactado no solo en la Rep\u00fablica Dominicana, sino en el mundo, haciendo la diferencia gracias a sus competencias profesionales y a la humanidad que resulta de la formaci\u00f3n integral que caracteriza a la universidad.<\/p>\n<p>Por su parte, la doctora Christine Riordan resalt\u00f3 que el 80% de los miembros de la Junta de Directores de Adelphi University son exalumnos, quienes mantienen un rol activo como mentores, ofreciendo oportunidades laborales en sus empresas y aportando importantes recursos financieros a la universidad.<\/p>\n<p><img loading=\"lazy\" decoding=\"async\" class=\"alignnone size-medium wp-image-1871\" src=\"https:\/\/periodicolarepublica.com\/wp-content\/uploads\/2024\/10\/IMG-20241009-WA0123-300x200.jpg\" alt=\"\" width=\"300\" height=\"200\" \/><\/p>\n","protected":false},"excerpt":{"rendered":"<p>Las entidades educativas llevaron a cabo el panel \u201cPotenciando sinergias entre academias\u201d, fruto del convenio entre la PUCMM y Adelphi University, y lanzaron la ONG \u201cFriends of Fundaci\u00f3n Madre y Maestra\u201d durante la XXXII Edici\u00f3n de la Semana Dominicana en Estados Unidos, organizada por la C\u00e1mara Americana de Comercio de la Rep\u00fablica Dominicana (AMCHAMDR). Nueva [&hellip;]<\/p>\n","protected":false},"author":6,"featured_media":0,"comment_status":"open","ping_status":"open","sticky":false,"template":"","format":"standard","meta":{"om_disable_all_campaigns":false,"_monsterinsights_skip_tracking":false,"_monsterinsights_sitenote_active":false,"_monsterinsights_sitenote_note":"","_monsterinsights_sitenote_category":0,"footnotes":""},"categories":[1],"tags":[],"class_list":{"0":"post-1869","1":"post","2":"type-post","3":"status-publish","4":"format-standard","6":"category-nacionales"},"aioseo_notices":[],"_links":{"self":[{"href":"https:\/\/periodicolarepublica.com\/index.php\/wp-json\/wp\/v2\/posts\/1869","targetHints":{"allow":["GET"]}}],"collection":[{"href":"https:\/\/periodicolarepublica.com\/index.php\/wp-json\/wp\/v2\/posts"}],"about":[{"href":"https:\/\/periodicolarepublica.com\/index.php\/wp-json\/wp\/v2\/types\/post"}],"author":[{"embeddable":true,"href":"https:\/\/periodicolarepublica.com\/index.php\/wp-json\/wp\/v2\/users\/6"}],"replies":[{"embeddable":true,"href":"https:\/\/periodicolarepublica.com\/index.php\/wp-json\/wp\/v2\/comments?post=1869"}],"version-history":[{"count":3,"href":"https:\/\/periodicolarepublica.com\/index.php\/wp-json\/wp\/v2\/posts\/1869\/revisions"}],"predecessor-version":[{"id":1874,"href":"https:\/\/periodicolarepublica.com\/index.php\/wp-json\/wp\/v2\/posts\/1869\/revisions\/1874"}],"wp:attachment":[{"href":"https:\/\/periodicolarepublica.com\/index.php\/wp-json\/wp\/v2\/media?parent=1869"}],"wp:term":[{"taxonomy":"category","embeddable":true,"href":"https:\/\/periodicolarepublica.com\/index.php\/wp-json\/wp\/v2\/categories?post=1869"},{"taxonomy":"post_tag","embeddable":true,"href":"https:\/\/periodicolarepublica.com\/index.php\/wp-json\/wp\/v2\/tags?post=1869"}],"curies":[{"name":"wp","href":"https:\/\/api.w.org\/{rel}","templated":true}]}}